{"id":987495570,"date":"2022-09-27T22:22:10","date_gmt":"2022-09-27T22:22:10","guid":{"rendered":"https:\/\/www.grupomentora.com\/progrentis\/?p=987495570"},"modified":"2023-06-27T17:42:10","modified_gmt":"2023-06-27T17:42:10","slug":"alfabetizacion-informacional","status":"publish","type":"post","link":"https:\/\/www.grupomentora.com\/progrentis\/educacion\/alfabetizacion-informacional\/","title":{"rendered":"Alfabetizaci\u00f3n Informacional"},"content":{"rendered":"<p>[et_pb_section fb_built=\u00bb1&#8243; admin_label=\u00bbsection\u00bb _builder_version=\u00bb4.16&#8243; global_colors_info=\u00bb{}\u00bb][et_pb_row admin_label=\u00bbrow\u00bb _builder_version=\u00bb4.16&#8243; background_size=\u00bbinitial\u00bb background_position=\u00bbtop_left\u00bb background_repeat=\u00bbrepeat\u00bb global_colors_info=\u00bb{}\u00bb][et_pb_column type=\u00bb4_4&#8243; _builder_version=\u00bb4.16&#8243; custom_padding=\u00bb|||\u00bb global_colors_info=\u00bb{}\u00bb custom_padding__hover=\u00bb|||\u00bb][et_pb_text admin_label=\u00bbText\u00bb _builder_version=\u00bb4.16&#8243; background_size=\u00bbinitial\u00bb background_position=\u00bbtop_left\u00bb background_repeat=\u00bbrepeat\u00bb global_colors_info=\u00bb{}\u00bb]<!-- divi:paragraph --><\/p>\n<p>La llegada de la denominada \u201csociedad de la informaci\u00f3n y del conocimiento\u201d ha marcado un hecho sin precedentes en la historia de la humanidad, la cual ha sido caracterizada por un desarrollo tecnol\u00f3gico exponencial y un incremento descomunal y desmedido de la informaci\u00f3n generada y difundida en plataformas digitales a trav\u00e9s del Internet. Nunca antes hemos tenido acceso a tantos recursos informativos y datos como los tenemos en la actualidad, ni tampoco se ha tenido tanta facilidad para publicar o difundir informaci\u00f3n como hoy en d\u00eda.<\/p>\n<p><!-- \/divi:paragraph --><\/p>\n<p><!-- divi:paragraph --><\/p>\n<p>Aunque pareciera que tener exceso de informaci\u00f3n y facilidad de acceso es algo intr\u00ednsecamente bueno, la realidad es otra distinta. Gran parte, sino la mayor, de la informaci\u00f3n existente es falsa o no precisa, o est\u00e1 escrita de manera que pretende influir o persuadir a los lectores para que crean o apoyen alguna postura, doctrina, ideolog\u00eda o creencia a conveniencia de los intereses de algunos. No por nada, los sitios de noticias falsas son tan populares hoy en d\u00eda, y tienen tantos seguidores. Sin duda alguna, el manejo que hagamos de la informaci\u00f3n afecta todos los \u00e1mbitos de la vida, y por eso es fundamental educar en la alfabetizaci\u00f3n informacional.<\/p>\n<p><!-- \/divi:paragraph --><\/p>\n<p><!-- divi:paragraph --><\/p>\n<p>La mayor parte de los esfuerzos educativos a nivel mundial a trav\u00e9s de la historia han estado enfocados en que las personas en general cuenten con la capacidad de leer, escribir y tener un nivel de comprensi\u00f3n de lectura aceptable, al menos este fue el enfoque de la mayor\u00eda hasta finales del Siglo XX, que es cuando se empiezan a hacer esfuerzos m\u00e1s marcados e intencionales por darle un mayor valor, significado y relevancia a la forma en que los individuos encuentran, procesan y entienden la informaci\u00f3n a su alcance y el uso que le dan a la misma.<\/p>\n<p><!-- \/divi:paragraph --><\/p>\n<p><!-- divi:paragraph --><\/p>\n<p>El cerebro aprende primeramente por la emoci\u00f3n, y luego por la raz\u00f3n. Sin embargo, generalmente se quiere educar a los estudiantes desde el punto racional dejando las emociones de lado y el cerebro simple y sencillamente no funciona as\u00ed. Un estudiante que no se siente escuchado, valorado o tomado en cuenta puede llegar a interpretar cualquier actividad educativa como una amenaza, y es aqu\u00ed cuando el cerebro reptiliano (supervivencia) reacciona en modo lucha o hu\u00edda pudiendo provocar procrastinaci\u00f3n, bajos niveles atencionales e inclusive una inhibici\u00f3n de acci\u00f3n en los estudiantes.<\/p>\n<p><!-- \/divi:paragraph --><\/p>\n<p><!-- divi:image {\"id\":987495572,\"sizeSlug\":\"large\",\"linkDestination\":\"none\"} --><\/p>\n<figure class=\"wp-block-image size-large\"><img loading=\"lazy\" decoding=\"async\" width=\"1024\" height=\"731\" src=\"https:\/\/www.grupomentora.com\/progrentis\/wp-content\/uploads\/2022\/09\/slider_inspire_new2-1024x731.jpg\" alt=\"Pensamiento Cr\u00edtico\" class=\"wp-image-987495572\" srcset=\"https:\/\/www.grupomentora.com\/progrentis\/wp-content\/uploads\/2022\/09\/slider_inspire_new2-1024x731.jpg 1024w, https:\/\/www.grupomentora.com\/progrentis\/wp-content\/uploads\/2022\/09\/slider_inspire_new2-980x700.jpg 980w, https:\/\/www.grupomentora.com\/progrentis\/wp-content\/uploads\/2022\/09\/slider_inspire_new2-480x343.jpg 480w\" sizes=\"(min-width: 0px) and (max-width: 480px) 480px, (min-width: 481px) and (max-width: 980px) 980px, (min-width: 981px) 1024px, 100vw\" \/><\/figure>\n<p><!-- \/divi:image --><\/p>\n<p><!-- divi:paragraph --><\/p>\n<p>Previo a la aparici\u00f3n de la digitalizaci\u00f3n en nuestra sociedad, se consideraba que una persona era alfabeta cuando pod\u00eda dominar los procesos propios de la lectoescritura, en resumen, leer textos, comprenderlos y registrar ideas, concepciones o pensamientos acerca del mismo a trav\u00e9s de la escritura (ensayos, documentos, investigaciones, t\u00e9sis etc.). Tradicionalmente se ha vinculado el t\u00e9rmino alfabetizaci\u00f3n a las competencias de lectoescritura propias de una sociedad con muy poco desarrollo y acceso tecnol\u00f3gico, o sea, la vivida primordialmente antes de los a\u00f1os noventa. El alfabetismo, a causa de la din\u00e1mica del mundo actual, debe de ir mucho m\u00e1s all\u00e1 que solo saber leer y escribir o conocer cosas como bien lo dijo Jimmy Wales, fundador de Wikipedia, el nuevo alfabetismo debe enfocarse en saber usar la informaci\u00f3n.<\/p>\n<p><!-- \/divi:paragraph --><\/p>\n<p><!-- divi:paragraph --><\/p>\n<p>En esta denominada \u201csociedad de la informaci\u00f3n y del conocimiento\u201d se hace cada vez m\u00e1s imprescindible un uso inteligente de la informaci\u00f3n para poder, no solo aprender, sino tambi\u00e9n tomar mejores decisiones y resolver los diferentes problemas, retos o desaf\u00edos que puedan aparecer en la vida cotidiana, m\u00e1s a\u00fan, poder tener un pensamiento cr\u00edtico, objetivo y libre de prejuicios con respecto a lo que se lee o investiga.<\/p>\n<p><!-- \/divi:paragraph --><\/p>\n<p><!-- divi:paragraph --><\/p>\n<p>El reto primordial no es conseguir informaci\u00f3n, sino c\u00f3mo manejar la gran cantidad disponible, teniendo en cuenta la obligatoriedad de saber validar las fuentes, identificar o distinguir noticias falsas y verdaderas, y poder tener un pensamiento cr\u00edtico libre de todo sesgo de confirmaci\u00f3n.<\/p>\n<p><!-- \/divi:paragraph --><\/p>\n<p><!-- divi:paragraph --><\/p>\n<p>Alfabetizar a la sociedad en la actualidad demanda por consiguiente considerar todos los aspectos propios de las caracter\u00edsticas y particularidades que vivimos, muchas de las cuales son el resultado de la Tercera y Cuarta Revoluci\u00f3n Industrial y el auge exponencial de innovaciones tecnol\u00f3gicas que las mismas han generado y c\u00f3mo estas han influido en el comportamiento de las personas.<\/p>\n<p><!-- \/divi:paragraph --><\/p>\n<p><!-- divi:paragraph {\"align\":\"center\"} --><\/p>\n<p class=\"has-text-align-center\"><a href=\"https:\/\/www.grupomentora.com\/progrentis\/progrentis\/\"><strong>CONOCE MAS SOBRE COMO PROGRENTIS TRABAJA LA INVESTIGACION DIGITAL<\/strong><\/a><\/p>\n<p><!-- \/divi:paragraph --><\/p>\n<p><!-- divi:paragraph --><\/p>\n<p>No solo eso, sino que educar en la Alfabetizaci\u00f3n Informacional se torna imprescindible para garantizar el crecimiento personal y profesional de los individuos y por ende de la sociedad, ya que en la medida que las personas tengan acceso a mejores fuentes de informaci\u00f3n y puedan utilizarlas de manera cr\u00edtica, objetiva, consensuada, responsable y razonable les pone en posici\u00f3n de tomar mejores decisiones que los que no tienen este acceso o no han sido alfabetizados informacionalmente.<\/p>\n<p><!-- \/divi:paragraph --><\/p>\n<p><!-- divi:paragraph --><\/p>\n<p>La American Library Association enfatiza que los que han sido educados y preparados en alfabetizaci\u00f3n informacional desarrollan la competencia de aprender a aprender. Saben c\u00f3mo buscar y organizar la informaci\u00f3n y generar conocimiento, tambi\u00e9n est\u00e1n preparadas para el aprendizaje informal y permanente, son aut\u00f3nomos y desarrollan la capacidad de conseguir la informaci\u00f3n que necesitan para resolver cualquier problema o reto que se les presente o para tomar mejores decisiones cuando es necesario. Esta sociedad del conocimiento est\u00e1 demandando personas con alta capacidad reflexiva, cr\u00edtica, investigativa y \u00e9tica.<\/p>\n<p><!-- \/divi:paragraph --><\/p>\n<p><!-- divi:image {\"id\":987495573,\"sizeSlug\":\"full\",\"linkDestination\":\"none\"} --><\/p>\n<figure class=\"wp-block-image size-full\"><img loading=\"lazy\" decoding=\"async\" width=\"740\" height=\"500\" src=\"https:\/\/www.grupomentora.com\/progrentis\/wp-content\/uploads\/2022\/09\/slide_inspire3.jpg\" alt=\"Alfabetizaci\u00f3n Informacional Estudiantes\" class=\"wp-image-987495573\" srcset=\"https:\/\/www.grupomentora.com\/progrentis\/wp-content\/uploads\/2022\/09\/slide_inspire3.jpg 740w, https:\/\/www.grupomentora.com\/progrentis\/wp-content\/uploads\/2022\/09\/slide_inspire3-480x324.jpg 480w\" sizes=\"(min-width: 0px) and (max-width: 480px) 480px, (min-width: 481px) 740px, 100vw\" \/><\/figure>\n<p><!-- \/divi:image --><\/p>\n<p><!-- divi:heading {\"level\":1} --><\/p>\n<h1><strong>\u00bfQu\u00e9 podemos hacer para fomentar el pensamiento cr\u00edtico por medio de la alfabetizaci\u00f3n informacional?<\/strong><\/h1>\n<p><!-- \/divi:heading --><\/p>\n<p><!-- divi:list --><\/p>\n<ul>\n<li>Motivar a las personas a estudiar con profundidad las diferentes posturas de un tema antes de emitir opiniones o generar juicios de valor objetivos y libres de todo sesgo. El sesgo de confirmaci\u00f3n es la tendencia que tenemos los seres humanos de buscar, aprobar y favorecer aquella informaci\u00f3n que apoya nuestras creencias sobre un tema en particular y desaprobar de manera en\u00e9rgica cualquier idea o hip\u00f3tesis contraria. Sin estudiar e investigar diligentemente las diferentes posiciones y ser tolerante ante las ideas de los dem\u00e1s, permitiendo inclusive que lo expuesto pueda influir la postura o pensamiento inicial es imposible tener pensamiento cr\u00edtico, todo se vuelve meramente emocional y sin fundamento genuino.<\/li>\n<li>Ense\u00f1ar a las personas a preguntar y cuestionar todo lo que leen, ven y escuchan. De nuevo, validar lo expuesto, contrastar, indagar de manera diligente y responsable.<\/li>\n<li>Ense\u00f1ar a las personas a no confiar en todo lo que est\u00e1 en el Internet, pareciera muy obvio pero en la pr\u00e1ctica no lo es, basta con ver las publicaciones de muchos profesionales en redes sociales para darnos cuenta que muchos no saben distinguir una noticia falsa de una verdadera, no saben validar las fuentes o utilizar los motores de b\u00fasqueda de manera eficiente. Cada individuo debe ser capaz de poder determinar la calidad de la informaci\u00f3n, preguntarse si es un art\u00edculo acad\u00e9mico o divulgativo, saber las credenciales de la persona que lo escribi\u00f3, el tipo de p\u00fablico al que va dirigido, la fecha de la publicaci\u00f3n y la cobertura, o sea si el tema est\u00e1 desarrollado de manera exhaustiva o no.<\/li>\n<\/ul>\n<p><!-- \/divi:list --><\/p>\n<p><!-- divi:paragraph --><\/p>\n<p>Claro est\u00e1 que educar en Alfabetizaci\u00f3n Informacional y Pensamiento Cr\u00edtico es una tarea laboriosa, sin embargo, no hay otro camino para el \u00e9xito del individuo, la sociedad y los pa\u00edses. Por supuesto, muchos gobiernos no quieren a personas con esas caracter\u00edsticas, por eso su enfoque constante en la educaci\u00f3n tradicional memor\u00edstica que no desarrolla ninguna destreza de pensamiento superior, la necesidad de un cambio en estos temas es urgente.<\/p>\n<p><!-- \/divi:paragraph -->[\/et_pb_text][\/et_pb_column][\/et_pb_row][\/et_pb_section]<\/p>\n","protected":false},"excerpt":{"rendered":"<p>La llegada de la denominada \u201csociedad de la informaci\u00f3n y del conocimiento\u201d ha marcado un hecho sin precedentes en la historia de la humanidad, la cual ha sido caracterizada por un desarrollo tecnol\u00f3gico exponencial y un incremento descomunal y desmedido de la informaci\u00f3n generada y difundida en plataformas digitales a trav\u00e9s del Internet. Nunca antes [&hellip;]<\/p>\n","protected":false},"author":7,"featured_media":987495571,"comment_status":"open","ping_status":"open","sticky":false,"template":"","format":"standard","meta":{"_et_pb_use_builder":"on","_et_pb_old_content":"<!-- wp:paragraph -->\n<p>La llegada de la denominada \u201csociedad de la informaci\u00f3n y del conocimiento\u201d ha marcado un hecho sin precedentes en la historia de la humanidad, la cual ha sido caracterizada por un desarrollo tecnol\u00f3gico exponencial y un incremento descomunal y desmedido de la informaci\u00f3n generada y difundida en plataformas digitales a trav\u00e9s del Internet. Nunca antes hemos tenido acceso a tantos recursos informativos y datos como los tenemos en la actualidad, ni tampoco se ha tenido tanta facilidad para publicar o difundir informaci\u00f3n como hoy en d\u00eda.<\/p>\n<!-- \/wp:paragraph -->\n\n<!-- wp:paragraph -->\n<p>Aunque pareciera que tener exceso de informaci\u00f3n y facilidad de acceso es algo intr\u00ednsecamente bueno, la realidad es otra distinta. Gran parte, sino la mayor, de la informaci\u00f3n existente es falsa o no precisa, o est\u00e1 escrita de manera que pretende influir o persuadir a los lectores para que crean o apoyen alguna postura, doctrina, ideolog\u00eda o creencia a conveniencia de los intereses de algunos. No por nada, los sitios de noticias falsas son tan populares hoy en d\u00eda, y tienen tantos seguidores. Sin duda alguna, el manejo que hagamos de la informaci\u00f3n afecta todos los \u00e1mbitos de la vida, y por eso es fundamental educar en la alfabetizaci\u00f3n informacional.<\/p>\n<!-- \/wp:paragraph -->\n\n<!-- wp:paragraph -->\n<p>La mayor parte de los esfuerzos educativos a nivel mundial a trav\u00e9s de la historia han estado enfocados en que las personas en general cuenten con la capacidad de leer, escribir y tener un nivel de comprensi\u00f3n de lectura aceptable, al menos este fue el enfoque de la mayor\u00eda hasta finales del Siglo XX, que es cuando se empiezan a hacer esfuerzos m\u00e1s marcados e intencionales por darle un mayor valor, significado y relevancia a la forma en que los individuos encuentran, procesan y entienden la informaci\u00f3n a su alcance y el uso que le dan a la misma.<\/p>\n<!-- \/wp:paragraph -->\n\n<!-- wp:paragraph -->\n<p>El cerebro aprende primeramente por la emoci\u00f3n, y luego por la raz\u00f3n. Sin embargo, generalmente se quiere educar a los estudiantes desde el punto racional dejando las emociones de lado y el cerebro simple y sencillamente no funciona as\u00ed. Un estudiante que no se siente escuchado, valorado o tomado en cuenta puede llegar a interpretar cualquier actividad educativa como una amenaza, y es aqu\u00ed cuando el cerebro reptiliano (supervivencia) reacciona en modo lucha o hu\u00edda pudiendo provocar procrastinaci\u00f3n, bajos niveles atencionales e inclusive una inhibici\u00f3n de acci\u00f3n en los estudiantes.<\/p>\n<!-- \/wp:paragraph -->\n\n<!-- wp:image {\"id\":987495572,\"sizeSlug\":\"large\",\"linkDestination\":\"none\"} -->\n<figure class=\"wp-block-image size-large\"><img src=\"https:\/\/www.grupomentora.com\/progrentis\/wp-content\/uploads\/2022\/09\/slider_inspire_new2-1024x731.jpg\" alt=\"Pensamiento Cr\u00edtico\" class=\"wp-image-987495572\"\/><\/figure>\n<!-- \/wp:image -->\n\n<!-- wp:paragraph -->\n<p>Previo a la aparici\u00f3n de la digitalizaci\u00f3n en nuestra sociedad, se consideraba que una persona era alfabeta cuando pod\u00eda dominar los procesos propios de la lectoescritura, en resumen, leer textos, comprenderlos y registrar ideas, concepciones o pensamientos acerca del mismo a trav\u00e9s de la escritura (ensayos, documentos, investigaciones, t\u00e9sis etc.). Tradicionalmente se ha vinculado el t\u00e9rmino alfabetizaci\u00f3n a las competencias de lectoescritura propias de una sociedad con muy poco desarrollo y acceso tecnol\u00f3gico, o sea, la vivida primordialmente antes de los a\u00f1os noventa. El alfabetismo, a causa de la din\u00e1mica del mundo actual, debe de ir mucho m\u00e1s all\u00e1 que solo saber leer y escribir o conocer cosas como bien lo dijo Jimmy Wales, fundador de Wikipedia, el nuevo alfabetismo debe enfocarse en saber usar la informaci\u00f3n.<\/p>\n<!-- \/wp:paragraph -->\n\n<!-- wp:paragraph -->\n<p>En esta denominada \u201csociedad de la informaci\u00f3n y del conocimiento\u201d se hace cada vez m\u00e1s imprescindible un uso inteligente de la informaci\u00f3n para poder, no solo aprender, sino tambi\u00e9n tomar mejores decisiones y resolver los diferentes problemas, retos o desaf\u00edos que puedan aparecer en la vida cotidiana, m\u00e1s a\u00fan, poder tener un pensamiento cr\u00edtico, objetivo y libre de prejuicios con respecto a lo que se lee o investiga.<\/p>\n<!-- \/wp:paragraph -->\n\n<!-- wp:paragraph -->\n<p>El reto primordial no es conseguir informaci\u00f3n, sino c\u00f3mo manejar la gran cantidad disponible, teniendo en cuenta la obligatoriedad de saber validar las fuentes, identificar o distinguir noticias falsas y verdaderas, y poder tener un pensamiento cr\u00edtico libre de todo sesgo de confirmaci\u00f3n.<\/p>\n<!-- \/wp:paragraph -->\n\n<!-- wp:paragraph -->\n<p>Alfabetizar a la sociedad en la actualidad demanda por consiguiente considerar todos los aspectos propios de las caracter\u00edsticas y particularidades que vivimos, muchas de las cuales son el resultado de la Tercera y Cuarta Revoluci\u00f3n Industrial y el auge exponencial de innovaciones tecnol\u00f3gicas que las mismas han generado y c\u00f3mo estas han influido en el comportamiento de las personas.<\/p>\n<!-- \/wp:paragraph -->\n\n<!-- wp:paragraph {\"align\":\"center\"} -->\n<p class=\"has-text-align-center\"><a href=\"https:\/\/www.grupomentora.com\/progrentis\/progrentis\/\"><strong>CONOCE MAS SOBRE COMO PROGRENTIS TRABAJA LA INVESTIGACION DIGITAL<\/strong><\/a><\/p>\n<!-- \/wp:paragraph -->\n\n<!-- wp:paragraph -->\n<p>No solo eso, sino que educar en la Alfabetizaci\u00f3n Informacional se torna imprescindible para garantizar el crecimiento personal y profesional de los individuos y por ende de la sociedad, ya que en la medida que las personas tengan acceso a mejores fuentes de informaci\u00f3n y puedan utilizarlas de manera cr\u00edtica, objetiva, consensuada, responsable y razonable les pone en posici\u00f3n de tomar mejores decisiones que los que no tienen este acceso o no han sido alfabetizados informacionalmente.<\/p>\n<!-- \/wp:paragraph -->\n\n<!-- wp:paragraph -->\n<p>La American Library Association enfatiza que los que han sido educados y preparados en alfabetizaci\u00f3n informacional desarrollan la competencia de aprender a aprender. Saben c\u00f3mo buscar y organizar la informaci\u00f3n y generar conocimiento, tambi\u00e9n est\u00e1n preparadas para el aprendizaje informal y permanente, son aut\u00f3nomos y desarrollan la capacidad de conseguir la informaci\u00f3n que necesitan para resolver cualquier problema o reto que se les presente o para tomar mejores decisiones cuando es necesario. Esta sociedad del conocimiento est\u00e1 demandando personas con alta capacidad reflexiva, cr\u00edtica, investigativa y \u00e9tica.<\/p>\n<!-- \/wp:paragraph -->\n\n<!-- wp:image {\"id\":987495573,\"sizeSlug\":\"full\",\"linkDestination\":\"none\"} -->\n<figure class=\"wp-block-image size-full\"><img src=\"https:\/\/www.grupomentora.com\/progrentis\/wp-content\/uploads\/2022\/09\/slide_inspire3.jpg\" alt=\"Alfabetizaci\u00f3n Informacional Estudiantes\" class=\"wp-image-987495573\"\/><\/figure>\n<!-- \/wp:image -->\n\n<!-- wp:heading {\"level\":1} -->\n<h1><strong>\u00bfQu\u00e9 podemos hacer para fomentar el pensamiento cr\u00edtico por medio de la alfabetizaci\u00f3n informacional?<\/strong><\/h1>\n<!-- \/wp:heading -->\n\n<!-- wp:list -->\n<ul><li>Motivar a las personas a estudiar con profundidad las diferentes posturas de un tema antes de emitir opiniones o generar juicios de valor objetivos y libres de todo sesgo. El sesgo de confirmaci\u00f3n es la tendencia que tenemos los seres humanos de buscar, aprobar y favorecer aquella informaci\u00f3n que apoya nuestras creencias sobre un tema en particular y desaprobar de manera en\u00e9rgica cualquier idea o hip\u00f3tesis contraria. Sin estudiar e investigar diligentemente las diferentes posiciones y ser tolerante ante las ideas de los dem\u00e1s, permitiendo inclusive que lo expuesto pueda influir la postura o pensamiento inicial es imposible tener pensamiento cr\u00edtico, todo se vuelve meramente emocional y sin fundamento genuino.<\/li><li>Ense\u00f1ar a las personas a preguntar y cuestionar todo lo que leen, ven y escuchan. De nuevo, validar lo expuesto, contrastar, indagar de manera diligente y responsable.<\/li><li>Ense\u00f1ar a las personas a no confiar en todo lo que est\u00e1 en el Internet, pareciera muy obvio pero en la pr\u00e1ctica no lo es, basta con ver las publicaciones de muchos profesionales en redes sociales para darnos cuenta que muchos no saben distinguir una noticia falsa de una verdadera, no saben validar las fuentes o utilizar los motores de b\u00fasqueda de manera eficiente. Cada individuo debe ser capaz de poder determinar la calidad de la informaci\u00f3n, preguntarse si es un art\u00edculo acad\u00e9mico o divulgativo, saber las credenciales de la persona que lo escribi\u00f3, el tipo de p\u00fablico al que va dirigido, la fecha de la publicaci\u00f3n y la cobertura, o sea si el tema est\u00e1 desarrollado de manera exhaustiva o no.<\/li><\/ul>\n<!-- \/wp:list -->\n\n<!-- wp:paragraph -->\n<p>Claro est\u00e1 que educar en Alfabetizaci\u00f3n Informacional y Pensamiento Cr\u00edtico es una tarea laboriosa, sin embargo, no hay otro camino para el \u00e9xito del individuo, la sociedad y los pa\u00edses. Por supuesto, muchos gobiernos no quieren a personas con esas caracter\u00edsticas, por eso su enfoque constante en la educaci\u00f3n tradicional memor\u00edstica que no desarrolla ninguna destreza de pensamiento superior, la necesidad de un cambio en estos temas es urgente.<\/p>\n<!-- \/wp:paragraph -->","_et_gb_content_width":"","jetpack_post_was_ever_published":false,"_jetpack_newsletter_access":"","_jetpack_dont_email_post_to_subs":false,"_jetpack_newsletter_tier_id":0,"_jetpack_memberships_contains_paywalled_content":false,"_jetpack_memberships_contains_paid_content":false,"footnotes":"","jetpack_publicize_message":"","jetpack_publicize_feature_enabled":true,"jetpack_social_post_already_shared":false,"jetpack_social_options":{"image_generator_settings":{"template":"highway","default_image_id":0,"font":"","enabled":false},"version":2}},"categories":[13],"tags":[],"class_list":["post-987495570","post","type-post","status-publish","format-standard","has-post-thumbnail","hentry","category-educacion"],"yoast_head":"<!-- This site is optimized with the Yoast SEO plugin v27.5 - https:\/\/yoast.com\/product\/yoast-seo-wordpress\/ -->\n<title>Alfabetizaci\u00f3n Informacional - Mentora Progrentis<\/title>\n<meta name=\"description\" content=\"La relevancia de la alfabetizaci\u00f3n informacional. Grupo Mentora Progrentis Latinoam\u00e9rica y Caribe. Michael Parrales.\" \/>\n<meta name=\"robots\" content=\"index, follow, max-snippet:-1, max-image-preview:large, max-video-preview:-1\" \/>\n<link rel=\"canonical\" href=\"https:\/\/www.grupomentora.com\/progrentis\/educacion\/alfabetizacion-informacional\/\" \/>\n<meta property=\"og:locale\" content=\"es_ES\" \/>\n<meta property=\"og:type\" content=\"article\" \/>\n<meta property=\"og:title\" content=\"Alfabetizaci\u00f3n Informacional - Mentora Progrentis\" \/>\n<meta property=\"og:description\" content=\"La relevancia de la alfabetizaci\u00f3n informacional. Grupo Mentora Progrentis Latinoam\u00e9rica y Caribe. Michael Parrales.\" \/>\n<meta property=\"og:url\" content=\"https:\/\/www.grupomentora.com\/progrentis\/educacion\/alfabetizacion-informacional\/\" \/>\n<meta property=\"og:site_name\" content=\"Mentora Progrentis\" \/>\n<meta property=\"article:publisher\" content=\"https:\/\/www.facebook.com\/grupomentora\" \/>\n<meta property=\"article:published_time\" content=\"2022-09-27T22:22:10+00:00\" \/>\n<meta property=\"article:modified_time\" content=\"2023-06-27T17:42:10+00:00\" \/>\n<meta property=\"og:image\" content=\"https:\/\/www.grupomentora.com\/progrentis\/wp-content\/uploads\/2022\/09\/slide13.jpg\" \/>\n\t<meta property=\"og:image:width\" content=\"1600\" \/>\n\t<meta property=\"og:image:height\" content=\"1067\" \/>\n\t<meta property=\"og:image:type\" content=\"image\/jpeg\" \/>\n<meta name=\"author\" content=\"Grupo Mentora\" \/>\n<meta name=\"twitter:card\" content=\"summary_large_image\" \/>\n<meta name=\"twitter:creator\" content=\"@grupomentora\" \/>\n<meta name=\"twitter:site\" content=\"@grupomentora\" \/>\n<meta name=\"twitter:label1\" content=\"Escrito por\" \/>\n\t<meta name=\"twitter:data1\" content=\"Grupo Mentora\" \/>\n\t<meta name=\"twitter:label2\" content=\"Tiempo de lectura\" \/>\n\t<meta name=\"twitter:data2\" content=\"6 minutos\" \/>\n<script type=\"application\/ld+json\" class=\"yoast-schema-graph\">{\"@context\":\"https:\\\/\\\/schema.org\",\"@graph\":[{\"@type\":\"Article\",\"@id\":\"https:\\\/\\\/www.grupomentora.com\\\/progrentis\\\/educacion\\\/alfabetizacion-informacional\\\/#article\",\"isPartOf\":{\"@id\":\"https:\\\/\\\/www.grupomentora.com\\\/progrentis\\\/educacion\\\/alfabetizacion-informacional\\\/\"},\"author\":{\"name\":\"Grupo Mentora\",\"@id\":\"https:\\\/\\\/www.grupomentora.com\\\/progrentis\\\/#\\\/schema\\\/person\\\/fca29c687cdc4d0f0c29008b91be9d9d\"},\"headline\":\"Alfabetizaci\u00f3n Informacional\",\"datePublished\":\"2022-09-27T22:22:10+00:00\",\"dateModified\":\"2023-06-27T17:42:10+00:00\",\"mainEntityOfPage\":{\"@id\":\"https:\\\/\\\/www.grupomentora.com\\\/progrentis\\\/educacion\\\/alfabetizacion-informacional\\\/\"},\"wordCount\":1367,\"commentCount\":0,\"image\":{\"@id\":\"https:\\\/\\\/www.grupomentora.com\\\/progrentis\\\/educacion\\\/alfabetizacion-informacional\\\/#primaryimage\"},\"thumbnailUrl\":\"https:\\\/\\\/www.grupomentora.com\\\/progrentis\\\/wp-content\\\/uploads\\\/2022\\\/09\\\/slide13.jpg\",\"articleSection\":[\"Educaci\u00f3n\"],\"inLanguage\":\"es\",\"potentialAction\":[{\"@type\":\"CommentAction\",\"name\":\"Comment\",\"target\":[\"https:\\\/\\\/www.grupomentora.com\\\/progrentis\\\/educacion\\\/alfabetizacion-informacional\\\/#respond\"]}]},{\"@type\":\"WebPage\",\"@id\":\"https:\\\/\\\/www.grupomentora.com\\\/progrentis\\\/educacion\\\/alfabetizacion-informacional\\\/\",\"url\":\"https:\\\/\\\/www.grupomentora.com\\\/progrentis\\\/educacion\\\/alfabetizacion-informacional\\\/\",\"name\":\"Alfabetizaci\u00f3n Informacional - Mentora Progrentis\",\"isPartOf\":{\"@id\":\"https:\\\/\\\/www.grupomentora.com\\\/progrentis\\\/#website\"},\"primaryImageOfPage\":{\"@id\":\"https:\\\/\\\/www.grupomentora.com\\\/progrentis\\\/educacion\\\/alfabetizacion-informacional\\\/#primaryimage\"},\"image\":{\"@id\":\"https:\\\/\\\/www.grupomentora.com\\\/progrentis\\\/educacion\\\/alfabetizacion-informacional\\\/#primaryimage\"},\"thumbnailUrl\":\"https:\\\/\\\/www.grupomentora.com\\\/progrentis\\\/wp-content\\\/uploads\\\/2022\\\/09\\\/slide13.jpg\",\"datePublished\":\"2022-09-27T22:22:10+00:00\",\"dateModified\":\"2023-06-27T17:42:10+00:00\",\"author\":{\"@id\":\"https:\\\/\\\/www.grupomentora.com\\\/progrentis\\\/#\\\/schema\\\/person\\\/fca29c687cdc4d0f0c29008b91be9d9d\"},\"description\":\"La relevancia de la alfabetizaci\u00f3n informacional. Grupo Mentora Progrentis Latinoam\u00e9rica y Caribe. Michael Parrales.\",\"inLanguage\":\"es\",\"potentialAction\":[{\"@type\":\"ReadAction\",\"target\":[\"https:\\\/\\\/www.grupomentora.com\\\/progrentis\\\/educacion\\\/alfabetizacion-informacional\\\/\"]}]},{\"@type\":\"ImageObject\",\"inLanguage\":\"es\",\"@id\":\"https:\\\/\\\/www.grupomentora.com\\\/progrentis\\\/educacion\\\/alfabetizacion-informacional\\\/#primaryimage\",\"url\":\"https:\\\/\\\/www.grupomentora.com\\\/progrentis\\\/wp-content\\\/uploads\\\/2022\\\/09\\\/slide13.jpg\",\"contentUrl\":\"https:\\\/\\\/www.grupomentora.com\\\/progrentis\\\/wp-content\\\/uploads\\\/2022\\\/09\\\/slide13.jpg\",\"width\":1600,\"height\":1067},{\"@type\":\"WebSite\",\"@id\":\"https:\\\/\\\/www.grupomentora.com\\\/progrentis\\\/#website\",\"url\":\"https:\\\/\\\/www.grupomentora.com\\\/progrentis\\\/\",\"name\":\"Grupo Mentora Progrentis\",\"description\":\"Del conocimiento a las destrezas\",\"potentialAction\":[{\"@type\":\"SearchAction\",\"target\":{\"@type\":\"EntryPoint\",\"urlTemplate\":\"https:\\\/\\\/www.grupomentora.com\\\/progrentis\\\/?s={search_term_string}\"},\"query-input\":{\"@type\":\"PropertyValueSpecification\",\"valueRequired\":true,\"valueName\":\"search_term_string\"}}],\"inLanguage\":\"es\"},{\"@type\":\"Person\",\"@id\":\"https:\\\/\\\/www.grupomentora.com\\\/progrentis\\\/#\\\/schema\\\/person\\\/fca29c687cdc4d0f0c29008b91be9d9d\",\"name\":\"Grupo Mentora\",\"image\":{\"@type\":\"ImageObject\",\"inLanguage\":\"es\",\"@id\":\"https:\\\/\\\/secure.gravatar.com\\\/avatar\\\/b42258cb27ceb2db9558ef5303d18a02013fe58ea37613bc7c088869670e30e7?s=96&d=mm&r=g\",\"url\":\"https:\\\/\\\/secure.gravatar.com\\\/avatar\\\/b42258cb27ceb2db9558ef5303d18a02013fe58ea37613bc7c088869670e30e7?s=96&d=mm&r=g\",\"contentUrl\":\"https:\\\/\\\/secure.gravatar.com\\\/avatar\\\/b42258cb27ceb2db9558ef5303d18a02013fe58ea37613bc7c088869670e30e7?s=96&d=mm&r=g\",\"caption\":\"Grupo Mentora\"},\"sameAs\":[\"https:\\\/\\\/www.grupomentora.com\\\/\"],\"url\":\"https:\\\/\\\/www.grupomentora.com\\\/progrentis\\\/author\\\/grupomentora\\\/\"}]}<\/script>\n<!-- \/ Yoast SEO plugin. -->","yoast_head_json":{"title":"Alfabetizaci\u00f3n Informacional - Mentora Progrentis","description":"La relevancia de la alfabetizaci\u00f3n informacional. Grupo Mentora Progrentis Latinoam\u00e9rica y Caribe. Michael Parrales.","robots":{"index":"index","follow":"follow","max-snippet":"max-snippet:-1","max-image-preview":"max-image-preview:large","max-video-preview":"max-video-preview:-1"},"canonical":"https:\/\/www.grupomentora.com\/progrentis\/educacion\/alfabetizacion-informacional\/","og_locale":"es_ES","og_type":"article","og_title":"Alfabetizaci\u00f3n Informacional - Mentora Progrentis","og_description":"La relevancia de la alfabetizaci\u00f3n informacional. Grupo Mentora Progrentis Latinoam\u00e9rica y Caribe. Michael Parrales.","og_url":"https:\/\/www.grupomentora.com\/progrentis\/educacion\/alfabetizacion-informacional\/","og_site_name":"Mentora Progrentis","article_publisher":"https:\/\/www.facebook.com\/grupomentora","article_published_time":"2022-09-27T22:22:10+00:00","article_modified_time":"2023-06-27T17:42:10+00:00","og_image":[{"width":1600,"height":1067,"url":"https:\/\/www.grupomentora.com\/progrentis\/wp-content\/uploads\/2022\/09\/slide13.jpg","type":"image\/jpeg"}],"author":"Grupo Mentora","twitter_card":"summary_large_image","twitter_creator":"@grupomentora","twitter_site":"@grupomentora","twitter_misc":{"Escrito por":"Grupo Mentora","Tiempo de lectura":"6 minutos"},"schema":{"@context":"https:\/\/schema.org","@graph":[{"@type":"Article","@id":"https:\/\/www.grupomentora.com\/progrentis\/educacion\/alfabetizacion-informacional\/#article","isPartOf":{"@id":"https:\/\/www.grupomentora.com\/progrentis\/educacion\/alfabetizacion-informacional\/"},"author":{"name":"Grupo Mentora","@id":"https:\/\/www.grupomentora.com\/progrentis\/#\/schema\/person\/fca29c687cdc4d0f0c29008b91be9d9d"},"headline":"Alfabetizaci\u00f3n Informacional","datePublished":"2022-09-27T22:22:10+00:00","dateModified":"2023-06-27T17:42:10+00:00","mainEntityOfPage":{"@id":"https:\/\/www.grupomentora.com\/progrentis\/educacion\/alfabetizacion-informacional\/"},"wordCount":1367,"commentCount":0,"image":{"@id":"https:\/\/www.grupomentora.com\/progrentis\/educacion\/alfabetizacion-informacional\/#primaryimage"},"thumbnailUrl":"https:\/\/www.grupomentora.com\/progrentis\/wp-content\/uploads\/2022\/09\/slide13.jpg","articleSection":["Educaci\u00f3n"],"inLanguage":"es","potentialAction":[{"@type":"CommentAction","name":"Comment","target":["https:\/\/www.grupomentora.com\/progrentis\/educacion\/alfabetizacion-informacional\/#respond"]}]},{"@type":"WebPage","@id":"https:\/\/www.grupomentora.com\/progrentis\/educacion\/alfabetizacion-informacional\/","url":"https:\/\/www.grupomentora.com\/progrentis\/educacion\/alfabetizacion-informacional\/","name":"Alfabetizaci\u00f3n Informacional - Mentora Progrentis","isPartOf":{"@id":"https:\/\/www.grupomentora.com\/progrentis\/#website"},"primaryImageOfPage":{"@id":"https:\/\/www.grupomentora.com\/progrentis\/educacion\/alfabetizacion-informacional\/#primaryimage"},"image":{"@id":"https:\/\/www.grupomentora.com\/progrentis\/educacion\/alfabetizacion-informacional\/#primaryimage"},"thumbnailUrl":"https:\/\/www.grupomentora.com\/progrentis\/wp-content\/uploads\/2022\/09\/slide13.jpg","datePublished":"2022-09-27T22:22:10+00:00","dateModified":"2023-06-27T17:42:10+00:00","author":{"@id":"https:\/\/www.grupomentora.com\/progrentis\/#\/schema\/person\/fca29c687cdc4d0f0c29008b91be9d9d"},"description":"La relevancia de la alfabetizaci\u00f3n informacional. Grupo Mentora Progrentis Latinoam\u00e9rica y Caribe. Michael Parrales.","inLanguage":"es","potentialAction":[{"@type":"ReadAction","target":["https:\/\/www.grupomentora.com\/progrentis\/educacion\/alfabetizacion-informacional\/"]}]},{"@type":"ImageObject","inLanguage":"es","@id":"https:\/\/www.grupomentora.com\/progrentis\/educacion\/alfabetizacion-informacional\/#primaryimage","url":"https:\/\/www.grupomentora.com\/progrentis\/wp-content\/uploads\/2022\/09\/slide13.jpg","contentUrl":"https:\/\/www.grupomentora.com\/progrentis\/wp-content\/uploads\/2022\/09\/slide13.jpg","width":1600,"height":1067},{"@type":"WebSite","@id":"https:\/\/www.grupomentora.com\/progrentis\/#website","url":"https:\/\/www.grupomentora.com\/progrentis\/","name":"Grupo Mentora Progrentis","description":"Del conocimiento a las destrezas","potentialAction":[{"@type":"SearchAction","target":{"@type":"EntryPoint","urlTemplate":"https:\/\/www.grupomentora.com\/progrentis\/?s={search_term_string}"},"query-input":{"@type":"PropertyValueSpecification","valueRequired":true,"valueName":"search_term_string"}}],"inLanguage":"es"},{"@type":"Person","@id":"https:\/\/www.grupomentora.com\/progrentis\/#\/schema\/person\/fca29c687cdc4d0f0c29008b91be9d9d","name":"Grupo Mentora","image":{"@type":"ImageObject","inLanguage":"es","@id":"https:\/\/secure.gravatar.com\/avatar\/b42258cb27ceb2db9558ef5303d18a02013fe58ea37613bc7c088869670e30e7?s=96&d=mm&r=g","url":"https:\/\/secure.gravatar.com\/avatar\/b42258cb27ceb2db9558ef5303d18a02013fe58ea37613bc7c088869670e30e7?s=96&d=mm&r=g","contentUrl":"https:\/\/secure.gravatar.com\/avatar\/b42258cb27ceb2db9558ef5303d18a02013fe58ea37613bc7c088869670e30e7?s=96&d=mm&r=g","caption":"Grupo Mentora"},"sameAs":["https:\/\/www.grupomentora.com\/"],"url":"https:\/\/www.grupomentora.com\/progrentis\/author\/grupomentora\/"}]}},"jetpack_publicize_connections":[],"jetpack_featured_media_url":"https:\/\/www.grupomentora.com\/progrentis\/wp-content\/uploads\/2022\/09\/slide13.jpg","jetpack-related-posts":[{"id":987495583,"url":"https:\/\/www.grupomentora.com\/progrentis\/educacion\/destrezas-pensamiento\/","url_meta":{"origin":987495570,"position":0},"title":"\u00bfC\u00f3mo desarrollar habilidades de pensamiento en los estudiantes?","author":"Grupo Mentora","date":"septiembre 27, 2022","format":false,"excerpt":"","rel":"","context":"En \u00abEducaci\u00f3n\u00bb","block_context":{"text":"Educaci\u00f3n","link":"https:\/\/www.grupomentora.com\/progrentis\/category\/educacion\/"},"img":{"alt_text":"","src":"https:\/\/i0.wp.com\/www.grupomentora.com\/progrentis\/wp-content\/uploads\/2022\/09\/posthabilidadespensamiento3.jpg?resize=350%2C200&ssl=1","width":350,"height":200,"srcset":"https:\/\/i0.wp.com\/www.grupomentora.com\/progrentis\/wp-content\/uploads\/2022\/09\/posthabilidadespensamiento3.jpg?resize=350%2C200&ssl=1 1x, https:\/\/i0.wp.com\/www.grupomentora.com\/progrentis\/wp-content\/uploads\/2022\/09\/posthabilidadespensamiento3.jpg?resize=525%2C300&ssl=1 1.5x, https:\/\/i0.wp.com\/www.grupomentora.com\/progrentis\/wp-content\/uploads\/2022\/09\/posthabilidadespensamiento3.jpg?resize=700%2C400&ssl=1 2x"},"classes":[]},{"id":987496050,"url":"https:\/\/www.grupomentora.com\/progrentis\/educacion\/comprension-de-lectura\/","url_meta":{"origin":987495570,"position":1},"title":"Comprensi\u00f3n Lectora","author":"Grupo Mentora","date":"octubre 31, 2022","format":false,"excerpt":"","rel":"","context":"En \u00abEducaci\u00f3n\u00bb","block_context":{"text":"Educaci\u00f3n","link":"https:\/\/www.grupomentora.com\/progrentis\/category\/educacion\/"},"img":{"alt_text":"","src":"https:\/\/i0.wp.com\/www.grupomentora.com\/progrentis\/wp-content\/uploads\/2022\/10\/postcl3.jpg?resize=350%2C200&ssl=1","width":350,"height":200,"srcset":"https:\/\/i0.wp.com\/www.grupomentora.com\/progrentis\/wp-content\/uploads\/2022\/10\/postcl3.jpg?resize=350%2C200&ssl=1 1x, https:\/\/i0.wp.com\/www.grupomentora.com\/progrentis\/wp-content\/uploads\/2022\/10\/postcl3.jpg?resize=525%2C300&ssl=1 1.5x, https:\/\/i0.wp.com\/www.grupomentora.com\/progrentis\/wp-content\/uploads\/2022\/10\/postcl3.jpg?resize=700%2C400&ssl=1 2x, https:\/\/i0.wp.com\/www.grupomentora.com\/progrentis\/wp-content\/uploads\/2022\/10\/postcl3.jpg?resize=1050%2C600&ssl=1 3x"},"classes":[]}],"jetpack_sharing_enabled":true,"_links":{"self":[{"href":"https:\/\/www.grupomentora.com\/progrentis\/wp-json\/wp\/v2\/posts\/987495570","targetHints":{"allow":["GET"]}}],"collection":[{"href":"https:\/\/www.grupomentora.com\/progrentis\/wp-json\/wp\/v2\/posts"}],"about":[{"href":"https:\/\/www.grupomentora.com\/progrentis\/wp-json\/wp\/v2\/types\/post"}],"author":[{"embeddable":true,"href":"https:\/\/www.grupomentora.com\/progrentis\/wp-json\/wp\/v2\/users\/7"}],"replies":[{"embeddable":true,"href":"https:\/\/www.grupomentora.com\/progrentis\/wp-json\/wp\/v2\/comments?post=987495570"}],"version-history":[{"count":5,"href":"https:\/\/www.grupomentora.com\/progrentis\/wp-json\/wp\/v2\/posts\/987495570\/revisions"}],"predecessor-version":[{"id":987496361,"href":"https:\/\/www.grupomentora.com\/progrentis\/wp-json\/wp\/v2\/posts\/987495570\/revisions\/987496361"}],"wp:featuredmedia":[{"embeddable":true,"href":"https:\/\/www.grupomentora.com\/progrentis\/wp-json\/wp\/v2\/media\/987495571"}],"wp:attachment":[{"href":"https:\/\/www.grupomentora.com\/progrentis\/wp-json\/wp\/v2\/media?parent=987495570"}],"wp:term":[{"taxonomy":"category","embeddable":true,"href":"https:\/\/www.grupomentora.com\/progrentis\/wp-json\/wp\/v2\/categories?post=987495570"},{"taxonomy":"post_tag","embeddable":true,"href":"https:\/\/www.grupomentora.com\/progrentis\/wp-json\/wp\/v2\/tags?post=987495570"}],"curies":[{"name":"wp","href":"https:\/\/api.w.org\/{rel}","templated":true}]}}