{"id":987496050,"date":"2022-10-31T19:12:47","date_gmt":"2022-10-31T19:12:47","guid":{"rendered":"https:\/\/www.grupomentora.com\/progrentis\/?p=987496050"},"modified":"2023-06-27T17:42:33","modified_gmt":"2023-06-27T17:42:33","slug":"comprension-de-lectura","status":"publish","type":"post","link":"https:\/\/www.grupomentora.com\/progrentis\/educacion\/comprension-de-lectura\/","title":{"rendered":"Comprensi\u00f3n Lectora"},"content":{"rendered":"<p>[et_pb_section fb_built=\u00bb1&#8243; _builder_version=\u00bb4.16&#8243; global_colors_info=\u00bb{}\u00bb][et_pb_row _builder_version=\u00bb4.16&#8243; background_size=\u00bbinitial\u00bb background_position=\u00bbtop_left\u00bb background_repeat=\u00bbrepeat\u00bb global_colors_info=\u00bb{}\u00bb][et_pb_column type=\u00bb4_4&#8243; _builder_version=\u00bb4.16&#8243; custom_padding=\u00bb|||\u00bb global_colors_info=\u00bb{}\u00bb custom_padding__hover=\u00bb|||\u00bb][et_pb_text _builder_version=\u00bb4.21.0&#8243; text_font=\u00bbMontserrat||||||||\u00bb background_size=\u00bbinitial\u00bb background_position=\u00bbtop_left\u00bb background_repeat=\u00bbrepeat\u00bb global_colors_info=\u00bb{}\u00bb]<\/p>\n<p><!-- divi:heading --><\/p>\n<h2 class=\"wp-block-heading\">M\u00c9TODOS DE ENSE\u00d1ANZA Y CONSIDERACIONES PREVIAS<\/h2>\n<p><!-- \/divi:heading --><\/p>\n<p><!-- divi:paragraph -->Un m\u00e9todo es la forma de hacer algo en orden, es decir, a trav\u00e9s del m\u00e9todo podemos detallar qu\u00e9 pasos vamos a seguir en el proceso de ense\u00f1anza y aprendizaje, en este caso, de la lectura y la escritura.<\/p>\n<p><!-- \/divi:paragraph --><\/p>\n<p><!-- divi:paragraph -->El inicio de dichos aprendizajes presenta numerosas controversias y debates, de hecho, podemos constatar que hoy en d\u00eda no existe un consenso en cuanto a la ense\u00f1anza de los mismos, la pol\u00e9mica aparece entre los m\u00e9todos anal\u00edticos y sint\u00e9ticos, aunque en la actualidad una gran parte de investigaciones al respecto defienden un enfoque equilibrado.<\/p>\n<p><!-- \/divi:paragraph --><\/p>\n<p><!-- divi:paragraph -->A principios del siglo XXI, la literatura sobre el tema comenz\u00f3 a emplear un nuevo tipo de nomenclatura, de esta forma aparecieron los m\u00e9todos ascendentes, bottom up, en t\u00e9rminos ingleses, y los m\u00e9todos descendentes o top down.<\/p>\n<p><!-- \/divi:paragraph --><\/p>\n<p><!-- divi:paragraph -->Los m\u00e9todos ascendentes, los bottom up, se centran en las unidades elementales, de ellas vamos ascendiendo a unidades m\u00e1s complejas. Las letras, los fonemas y las s\u00edlabas se combinan para configurar esas otras unidades m\u00e1s complejas que son las palabras, las frases y los textos. Dependiendo de la unidad de partida, nos encontramos con m\u00e9todos alfab\u00e9ticos en los que la unidad inicial es a la graf\u00eda, el nombre de la letra, fon\u00e9ticos centrados en el fonema, y sil\u00e1bicos, en la s\u00edlaba. Las actividades propias del m\u00e9todo ascendente son la discriminaci\u00f3n de graf\u00edas, la fragmentaci\u00f3n de palabras, la asociaci\u00f3n de<br \/>s\u00edlabas en dibujo y la asociaci\u00f3n de gestos con el fonema.<\/p>\n<p><!-- \/divi:paragraph --><\/p>\n<p><!-- divi:paragraph -->Estrechamente relacionados con los m\u00e9todos impl\u00edcitos encontramos aquellos que se subscriben a la perspectiva constructivista, la cual persigue unificar en un mismo proceso las relaciones existentes entre alumnado, contenido y docente.<\/p>\n<p><!-- \/divi:paragraph --><\/p>\n<p><!-- divi:paragraph -->El aprendizaje de la lectura y la escritura a trav\u00e9s del m\u00e9todo constructivista conlleva entender ambos procesos de forma interactiva, donde se considera el papel activo del alumnado con capacidad de reflexionar y buscar el significado de las ideas y del pensamiento.<\/p>\n<p><!-- \/divi:paragraph --><\/p>\n<p><!-- divi:paragraph -->Desde esta perspectiva, sostiene De Amo (2004), \u201cla lectura se considera como un proceso mediante el cual el lector (re)construye el significado del texto; la escritura, por su parte, es un proceso complejo mediante el cual, el escritor elabora un significado global y preciso y lo dirige a unos destinatarios\u201d.<\/p>\n<p><!-- \/divi:paragraph --><\/p>\n<p><!-- divi:paragraph -->Nuevamente el docente tendr\u00e1 un papel fundamental a la hora de iniciar el aprendizaje a trav\u00e9s de uno u otro m\u00e9todo, en cualquier caso, en la literatura podr\u00e1 disponer de un amplio abanico de actividades al respecto, dependiendo del que decida utilizar para tal fin.<\/p>\n<p><!-- \/divi:paragraph --><\/p>\n<p><!-- divi:paragraph -->Se afirma que tradicionalmente se han planteado dos posturas contrapuestas sobre cu\u00e1l es el momento id\u00f3neo para comenzar la ense\u00f1anza de la lectura. Por una parte, se considera que es necesario esperar a que el ni\u00f1o madure, y por otra, se anima a que el contacto con la lectura ocurra lo m\u00e1s tempranamente posible. Ambas posturas, aunque contrapuestas, pueden llegar a encontrarse, dado que el peligro est\u00e1 tanto en retrasar el inicio como en forzar el aprendizaje.<\/p>\n<p><!-- \/divi:paragraph --><\/p>\n<p><!-- divi:image {\"id\":987496054,\"sizeSlug\":\"large\",\"linkDestination\":\"none\"} --><\/p>\n<figure class=\"wp-block-image size-large\"><img loading=\"lazy\" decoding=\"async\" width=\"1024\" height=\"680\" src=\"https:\/\/www.grupomentora.com\/progrentis\/wp-content\/uploads\/2022\/10\/postcl1-1024x680.jpg\" alt=\"\" class=\"wp-image-987496054\" srcset=\"https:\/\/www.grupomentora.com\/progrentis\/wp-content\/uploads\/2022\/10\/postcl1-1024x680.jpg 1024w, https:\/\/www.grupomentora.com\/progrentis\/wp-content\/uploads\/2022\/10\/postcl1-980x651.jpg 980w, https:\/\/www.grupomentora.com\/progrentis\/wp-content\/uploads\/2022\/10\/postcl1-480x319.jpg 480w\" sizes=\"(min-width: 0px) and (max-width: 480px) 480px, (min-width: 481px) and (max-width: 980px) 980px, (min-width: 981px) 1024px, 100vw\" \/><\/figure>\n<p><!-- \/divi:image --><\/p>\n<p><!-- divi:heading --><\/p>\n<h2 class=\"wp-block-heading\">Proceso Lector<\/h2>\n<p><!-- \/divi:heading --><\/p>\n<p><!-- divi:paragraph -->Leer no es s\u00f3lo reconocer las palabras impresas, sino tambi\u00e9n obtener un significado o comprender el sentido del texto impreso. El proceso de lectura comienza por la percepci\u00f3n de un conjunto de letras, la decodificaci\u00f3n de grafemas en fonemas y la comprensi\u00f3n del significado de las palabras.<\/p>\n<p><!-- \/divi:paragraph --><\/p>\n<p><!-- divi:paragraph -->Una vez esta fase se haya automatizado, el lector podr\u00e1 dedicar m\u00e1s recursos a la comprensi\u00f3n del texto y no a la decodificaci\u00f3n, realizando as\u00ed una lectura m\u00e1s comprensiva.<\/p>\n<p><!-- \/divi:paragraph --><\/p>\n<p><!-- divi:paragraph -->El aprendizaje de la lectura, dada su importancia y complejidad ha sido objeto de estudio por multitude de investigadores y profesionales educativos (psic\u00f3logos, pedagogos, etc.), ya que resulta fundamental en el desarrollo evolutivo del ni\u00f1o, le permitir\u00e1 relacionarse con el medio y ser\u00e1 la base para el aprendizaje de otras materias.<\/p>\n<p><!-- \/divi:paragraph --><\/p>\n<p><!-- divi:heading --><\/p>\n<h2 class=\"wp-block-heading\">Procesos cognitivos implicados en la lectura<\/h2>\n<p><!-- \/divi:heading --><\/p>\n<p><!-- divi:paragraph -->Existen cuatro procesos que intervienen en la lectura: procesos perceptivos visuales, l\u00e9xicos, sint\u00e1cticos y sem\u00e1nticos. Todo proceso perceptive consiste en extraer la informaci\u00f3n relevante que pone de manifiesto y define las caracter\u00edsticas espec\u00edficas de un objeto. En la lectura la motricidad ocular es imprescindible para localizer el texto e identificar la forma de las s\u00edlabas y palabras, as\u00ed como para realizar una lectura fluida y comprensiva.<br \/><!-- \/divi:paragraph --><\/p>\n<p><!-- divi:paragraph -->Esta v\u00eda proporciona una mayor velocidad y comprensi\u00f3n lectora, pero genera dificultades con la lectura de palabras desconocidas. La v\u00eda indirecta o fonol\u00f3gica, por su parte, aprovecha las propiedades ac\u00fasticas y require un proceso adicional de conversi\u00f3n de las letras en sonidos, de ah\u00ed que se denomine ruta indirecta.<br \/><!-- \/divi:paragraph --><\/p>\n<p><!-- divi:paragraph -->Los procesos sem\u00e1nticos o de representaci\u00f3n y acceso al almac\u00e9n de las palabras consisten en identificar el significado de ese conjunto de letras agrupado. Existen dos hip\u00f3tesis o rutas de acceso a la palabra: la v\u00eda directa o l\u00e9xica y la indirecta o fonol\u00f3gica. La v\u00eda directa o l\u00e9xica, en la cual el lector reconoce la palabra visualmente, es decir, aprovecha las propiedades gr\u00e1ficas y no necesita transformaci\u00f3n adicional. Es necesaria una experiencia previa y estar familiarizado con la palabra en s\u00ed.<\/p>\n<p><!-- \/divi:paragraph --><\/p>\n<p><!-- divi:paragraph -->La utilizaci\u00f3n de esta ruta permite la lectura de pseudopalabras o palabras desconocidas pero la velocidad lectora es menor, ya que el lector debe utilizar la conversi\u00f3n de cada grafema en su fonema, esto es transformar los est\u00edmulos visuales en sonidos, lo cual conlleva tiempo y esfuerzo.<br \/>Los lectores experimentados y eficaces en el proceso lector combinan ambas rutas, utilizando la v\u00eda directa para la lectura de palabras conocidas, aumentando la velocidad y comprensi\u00f3n lectora y la v\u00eda indirecta para la lectura de palabras esconocidas que podamos encontrar en un texto.<\/p>\n<p><!-- \/divi:paragraph --><\/p>\n<p><!-- divi:paragraph -->Los procesos sint\u00e1cticos, por su parte, son el conjunto de reglas que sirven para clarificar y segmentar la oraci\u00f3n.<\/p>\n<p><!-- \/divi:paragraph --><\/p>\n<p><!-- divi:image {\"id\":987496053,\"sizeSlug\":\"large\",\"linkDestination\":\"none\"} --><\/p>\n<figure class=\"wp-block-image size-large\"><img loading=\"lazy\" decoding=\"async\" width=\"1024\" height=\"683\" src=\"https:\/\/www.grupomentora.com\/progrentis\/wp-content\/uploads\/2022\/10\/postcl2-1024x683.jpg\" alt=\"\" class=\"wp-image-987496053\" srcset=\"https:\/\/www.grupomentora.com\/progrentis\/wp-content\/uploads\/2022\/10\/postcl2-1024x683.jpg 1024w, https:\/\/www.grupomentora.com\/progrentis\/wp-content\/uploads\/2022\/10\/postcl2-980x653.jpg 980w, https:\/\/www.grupomentora.com\/progrentis\/wp-content\/uploads\/2022\/10\/postcl2-480x320.jpg 480w\" sizes=\"(min-width: 0px) and (max-width: 480px) 480px, (min-width: 481px) and (max-width: 980px) 980px, (min-width: 981px) 1024px, 100vw\" \/><\/figure>\n<p><!-- \/divi:image --><\/p>\n<p><!-- divi:heading --><\/p>\n<h2 class=\"wp-block-heading\">Velocidad y Comprensi\u00f3n Lectora<\/h2>\n<p><!-- \/divi:heading --><\/p>\n<p><!-- divi:paragraph -->La velocidad lectora es inversamente proporcional al n\u00famero de fijaciones. Si la amplitud perceptiva es baja, el n\u00famero de fijaciones necesarias ser\u00e1 mayor y por tanto se emplear\u00e1 m\u00e1s tiempo en la lectura, ya que el tiempo empleado en cada fijaci\u00f3n es el mismo para todas las personas.<\/p>\n<p><!-- \/divi:paragraph --><\/p>\n<p><!-- divi:paragraph -->De este modo los lectores r\u00e1pidos hacen menos fijaciones y menos saltos sac\u00e1dicos que los lentos. Teniendo en cuenta esto, lo ideal ser\u00e1 que se entrene la amplitud receptiva o rango de reconocimiento para que en una misma fijaci\u00f3n seamos capaces de reconocer un mayor n\u00famero de caracteres o palabras y la lectura sea m\u00e1s fluida. A su vez, los movimientos oculares ineficaces incrementan el n\u00famero de regresiones haciendo necesario utilizar el dedo para seguir la lectura, produciendo movimientos de cabeza innecesarios, aspectos que van a influir negativamente en el proceso lector.<\/p>\n<p><!-- \/divi:paragraph --><\/p>\n<p><!-- divi:paragraph -->En lo referente a la comprensi\u00f3n lectora, unos movimientos sac\u00e1dicos ineficientes se traducen en multitud de regresiones, en saltos de l\u00ednea o incluso en releer una l\u00ednea previamente le\u00edda, lo cual influye negativamente en la comprensi\u00f3n lectora. Por dichas razones, resulta importante desarrollar un programa de intervenci\u00f3n para el entrenamiento de los m\u00fasculos responsables de los movimientos oculares para favorecer una lectura r\u00e1pida, precisa y comprensiva.<\/p>\n<p><!-- \/divi:paragraph --><\/p>\n<p><!-- divi:paragraph -->La comprensi\u00f3n lectora es un fen\u00f3meno interactivo e inobservable a simple vista que depender\u00e1 de la competencia y conocimientos del lector, as\u00ed como de la dificultad y caracter\u00edsticas del propio texto.<\/p>\n<p><!-- \/divi:paragraph --><\/p>\n<p><!-- divi:paragraph -->Existen varias pruebas estandarizadas para la evaluaci\u00f3n de la competencia lectora, muy eficientes para medir este proceso.<\/p>\n<p><!-- \/divi:paragraph --><\/p>\n<p><!-- divi:heading --><\/p>\n<h2 class=\"wp-block-heading\"><a href=\"https:\/\/www.grupomentora.com\/progrentis\/educacion\/alfabetizacion-informacional\/\">Te puede interesar \u00abLa relevancia de la Alfabetizaci\u00f3n Informacional\u00bb<\/a><\/h2>\n<p><!-- \/divi:heading --><\/p>\n<p><!-- divi:image {\"id\":987496051,\"sizeSlug\":\"large\",\"linkDestination\":\"none\"} --><\/p>\n<figure class=\"wp-block-image size-large\"><img loading=\"lazy\" decoding=\"async\" width=\"1024\" height=\"683\" src=\"https:\/\/www.grupomentora.com\/progrentis\/wp-content\/uploads\/2022\/10\/postcl4-1024x683.jpg\" alt=\"\" class=\"wp-image-987496051\" srcset=\"https:\/\/www.grupomentora.com\/progrentis\/wp-content\/uploads\/2022\/10\/postcl4-1024x683.jpg 1024w, https:\/\/www.grupomentora.com\/progrentis\/wp-content\/uploads\/2022\/10\/postcl4-980x653.jpg 980w, https:\/\/www.grupomentora.com\/progrentis\/wp-content\/uploads\/2022\/10\/postcl4-480x320.jpg 480w\" sizes=\"(min-width: 0px) and (max-width: 480px) 480px, (min-width: 481px) and (max-width: 980px) 980px, (min-width: 981px) 1024px, 100vw\" \/><\/figure>\n<p><!-- \/divi:image --><\/p>\n<p><!-- divi:heading --><\/p>\n<h2 class=\"wp-block-heading\">Movimientos oculares y lectura<\/h2>\n<p><!-- \/divi:heading --><\/p>\n<p><!-- divi:paragraph -->Se ha estudiado que los problemas de fijaci\u00f3n y movimientos sac\u00e1dicos ineficaces interfieren en la comprensi\u00f3n y velocidad lectora. En algunos casos, se observ\u00f3 que esto pod\u00eda deberse a retrasos madurativos de las habilidades oculomotrices necesarias para la realizaci\u00f3n de las tareas escolares. Varios autores defienden que cuanto menos sacadas se necesiten y m\u00e1s se utilice la visi\u00f3n parafoveal, m\u00e1s r\u00e1pida ser\u00e1 la lectura y la comprensi\u00f3n.<\/p>\n<p><!-- \/divi:paragraph --><\/p>\n<p><!-- divi:paragraph -->Otras investigaciones afirman que individuos que manifiestan problemas de lectura tienen, en gran medida, problemas de motricidad ocular, acomodaci\u00f3n y problemas de binocularidad. De acuerdo con estos estudios, los ojos realizan tres tipos de movimientos durante la lectura: movimientos sac\u00e1dicos, pausas de fijaci\u00f3n y movimientos de regresi\u00f3n. La velocidad de lectura depender\u00e1 pues de estas tres variables, especialmente de la duraci\u00f3n de las fijaciones y del n\u00famero de regresiones.<\/p>\n<p><!-- \/divi:paragraph --><\/p>\n<p><!-- divi:heading --><\/p>\n<h2 class=\"wp-block-heading\">Comprensi\u00f3n de Lectura<\/h2>\n<p><!-- \/divi:heading --><\/p>\n<p><!-- divi:paragraph -->El objetivo de la lectura es comprender lo que se lee, sin comprensi\u00f3n la lectura no tendr\u00eda ning\u00fan sentido. Un lector muestra comprensi\u00f3n del texto cuando le encuentra sentido y significado, cuando lo pueda relacionar con algo que le interesa o le llama la atenci\u00f3n; sin duda alguna la comprensi\u00f3n muchas veces est\u00e1 relacionada a la visi\u00f3n que cada quien tiene del mundo y en ocasiones las interpretaciones no son ni \u00fanicas ni objetivas.<\/p>\n<p><!-- \/divi:paragraph --><\/p>\n<p><!-- divi:paragraph -->La lectura consiste en un trabajo activo en el que el lector construye el significado del texto a partir de su intenci\u00f3n de lectura y de todo lo que sabe del mundo, adem\u00e1s de todos los conocimientos que lleva hacia el texto desde antes de empezar a leer y de los que pone en el texto mientras lee (M.C.B.A., 1995).<\/p>\n<p><!-- \/divi:paragraph --><\/p>\n<p><!-- divi:paragraph -->El lector otorgar\u00e1 significado a una lectura coordinando informaciones que provienen de distintas fuentes: el texto, su contexto y los conocimientos previos que \u00e9l posee. Para cumplir este objetivo con \u00e9xito, el lector deber\u00e1 emplear una serie de habilidades o estrategias que lo ayuden a construir sus conocimientos, aplic\u00e1ndolos en situaciones diversas y en contextos diferentes.<\/p>\n<p><!-- \/divi:paragraph --><\/p>\n<p><!-- divi:paragraph -->Las habilidades que adquirir\u00e1n tender\u00e1n al desarrollo de operaciones como el reconocimiento y jerarquizaci\u00f3n de ideas, la elaboraci\u00f3n de res\u00famenes, el an\u00e1lisis de la informaci\u00f3n del texto y la relaci\u00f3n y cotejo con sus conocimientos previos, la formulaci\u00f3n de hip\u00f3tesis, la emisi\u00f3n de opiniones, la relaci\u00f3n texto e imagen. Todas estas habilidades estar\u00e1n ligadas con los niveles de comprensi\u00f3n lectora.<\/p>\n<p><!-- \/divi:paragraph --><\/p>\n<p><!-- divi:paragraph -->Seg\u00fan la OCDE (2018) \u201cLa comprensi\u00f3n lectora se define como la habilidad para entender, evaluar, utilizar e implicarse con textos escritos, participar en la sociedad, alcanzar las metas propuestas y desarrollar el mayor conocimiento y potencial posibles.\u201d<\/p>\n<p><!-- \/divi:paragraph --><\/p>\n<p><!-- divi:paragraph -->Encontramos primordialmente tres niveles de comprensi\u00f3n lectora que el estudiante debe ir desarrollando en su proceso de aprendizaje: comprensi\u00f3n literal, comprensi\u00f3n inferencial y comprensi\u00f3n cr\u00edtica, algunos a\u00f1aden dos adicionales que son la comprensi\u00f3n apreciativa y la comprensi\u00f3n creadora.<\/p>\n<p><!-- \/divi:paragraph --><\/p>\n<p><!-- divi:paragraph -->La comprensi\u00f3n literal como su nombre lo indica recupera la informaci\u00f3n expl\u00edcitamente planteada en el texto y se la reorganiza mediante clasificaciones, res\u00famenes y s\u00edntesis. La comprensi\u00f3n inferencial utiliza los datos descritos en el texto, m\u00e1s las experiencias y conocimientos previos y la intuici\u00f3n para realizar conjeturas o hip\u00f3tesis.<\/p>\n<p><!-- \/divi:paragraph --><\/p>\n<p><!-- divi:paragraph -->La comprensi\u00f3n cr\u00edtica por su parte permita al estudiante emitir un juicio de valor sobre el texto que est\u00e1 leyendo o investigando. Cada uno de estos niveles de comprensi\u00f3n requiere estrategias did\u00e1cticas distintas pero asociadas y secuenciadas.<\/p>\n<p><!-- \/divi:paragraph --><\/p>\n<p><!-- divi:image {\"id\":987496055,\"sizeSlug\":\"large\",\"linkDestination\":\"none\"} --><\/p>\n<figure class=\"wp-block-image size-large\" id=\"Comprensi\u00f3n-Lectora\"><img loading=\"lazy\" decoding=\"async\" width=\"1024\" height=\"683\" src=\"https:\/\/www.grupomentora.com\/progrentis\/wp-content\/uploads\/2022\/10\/postcl5-1024x683.jpg\" alt=\"Comprensi\u00f3n de Lectura\" class=\"wp-image-987496055\" srcset=\"https:\/\/www.grupomentora.com\/progrentis\/wp-content\/uploads\/2022\/10\/postcl5-1024x683.jpg 1024w, https:\/\/www.grupomentora.com\/progrentis\/wp-content\/uploads\/2022\/10\/postcl5-980x653.jpg 980w, https:\/\/www.grupomentora.com\/progrentis\/wp-content\/uploads\/2022\/10\/postcl5-480x320.jpg 480w\" sizes=\"(min-width: 0px) and (max-width: 480px) 480px, (min-width: 481px) and (max-width: 980px) 980px, (min-width: 981px) 1024px, 100vw\" \/><\/figure>\n<p><!-- \/divi:image --><\/p>\n<p><!-- divi:heading --><\/p>\n<h2 class=\"wp-block-heading\">Consejos para mejorar la comprensi\u00f3n de lectura<\/h2>\n<p><!-- \/divi:heading --><\/p>\n<p><!-- divi:paragraph -->Consejos para mejorar la Comprensi\u00f3n de Lectura en los Estudiantes<\/p>\n<p><!-- \/divi:paragraph --><\/p>\n<p><!-- divi:list {\"ordered\":true} --><\/p>\n<ol>\n<ol><!-- divi:list-item --><\/p>\n<li>Marcar la lectura de los textos en proyectos que le den un mayor sentido y significado.<\/li>\n<\/ol>\n<\/ol>\n<p><!-- \/divi:list-item --><\/p>\n<p><!-- divi:list-item --><\/p>\n<ol>\n<ol>\n<li>Garantizar que en el aula se disponga de la mayor cantidad y variedad de textos de tipos variados.<\/li>\n<\/ol>\n<\/ol>\n<p><!-- \/divi:list-item --><\/p>\n<p><!-- divi:list-item --><\/p>\n<ol>\n<ol>\n<li>Permitir que los estudiantes seleccionen los textos de acuerdo a sus necesidades, gustos y pasiones y<br \/>a la vez, favoreciendo que los estudiantes activen y desarrollen sus conocimientos previos.<\/li>\n<\/ol>\n<\/ol>\n<p><!-- \/divi:list-item --><\/p>\n<p><!-- divi:list-item --><\/p>\n<ol>\n<ol>\n<li>Leer en voz alta para los estudiantes; pero priorizando la lectura silenciosa.<\/li>\n<\/ol>\n<\/ol>\n<p><!-- \/divi:list-item --><\/p>\n<p><!-- divi:list-item --><\/p>\n<ol>\n<ol>\n<li>Proponer la lectura en voz alta de alg\u00fan p\u00e1rrafo significativo que sea necesario discutir o que pueda<br \/>ser usado para intercambiar opiniones.<\/li>\n<\/ol>\n<\/ol>\n<p><!-- \/divi:list-item --><\/p>\n<p><!-- divi:list-item --><\/p>\n<ol>\n<ol>\n<li>Permitir que el estudiante busque por s\u00ed solo la informaci\u00f3n, jerarquice ideas y se oriente dentro de<br \/>un texto.<\/li>\n<\/ol>\n<\/ol>\n<p><!-- \/divi:list-item --><\/p>\n<p><!-- divi:list-item --><\/p>\n<ol>\n<ol>\n<li>Activar los conocimientos previos del estudiante acerca del contenido y la forma del texto.<\/li>\n<\/ol>\n<\/ol>\n<p><!-- \/divi:list-item --><\/p>\n<p><!-- divi:list-item --><\/p>\n<ol>\n<ol>\n<li>Elaborar hip\u00f3tesis sobre el contenido del texto (anticipaci\u00f3n) y acerca del formato textual.<\/li>\n<\/ol>\n<\/ol>\n<p><!-- \/divi:list-item --><\/p>\n<p><!-- divi:list-item --><\/p>\n<ol>\n<ol>\n<li>Relacionar la informaci\u00f3n del texto con sus propias vivencias, experiencias, gustos, conocimientos, y<br \/>con otros textos.<\/li>\n<\/ol>\n<\/ol>\n<p><!-- \/divi:list-item --><\/p>\n<p><!-- divi:list-item --><\/p>\n<ol>\n<ol>\n<li>Crear foros de discusi\u00f3n acerca de lo le\u00eddo e investigado en clase.<\/li>\n<\/ol>\n<\/ol>\n<p><!-- \/divi:list-item --><\/p>\n<p><!-- divi:list-item --><\/p>\n<ol>\n<ol>\n<li>Ayudar al estudiante a identificar el concepto principal que se puede extraer del texto, e identificar<br \/>la idea primaria y sub ideas o temas presentes en el mismo.<\/li>\n<\/ol>\n<\/ol>\n<p><!-- \/divi:list-item --><\/p>\n<p><!-- divi:list-item --><\/p>\n<ol>\n<ol>\n<li>Reorganizar la informaci\u00f3n en funci\u00f3n de su prop\u00f3sito, hacer asociaciones y trabajar con textos se-<br \/>cuenciados de manera l\u00f3gica.<\/li>\n<\/ol>\n<\/ol>\n<p><!-- \/divi:list-item --><\/p>\n<p><!-- divi:list-item --><\/p>\n<ol>\n<ol>\n<li>Propiciar momentos donde los estudiantes puedan opinar sobre lo le\u00eddo a trav\u00e9s de la escritura, o a<br \/>trav\u00e9s de t\u00e9cnicas de pensamiento visual.<\/li>\n<\/ol>\n<\/ol>\n<p><!-- \/divi:list-item --><\/p>\n<p><!-- divi:list-item --><\/p>\n<ol>\n<ol>\n<li>Promover la metacognici\u00f3n.<\/li>\n<\/ol>\n<\/ol>\n<p><!-- \/divi:list-item --><\/p>\n<p><!-- divi:list-item --><\/p>\n<ol>\n<ol>\n<li>Hacer preguntas que fomenten y desarrollen el pensamiento inferencial, cr\u00edtico, anal\u00edtico y evaluati-<br \/>vo de manera sistem\u00e1tica y sostenida.<\/li>\n<\/ol>\n<\/ol>\n<p><!-- \/divi:list-item --><\/p>\n<p><!-- \/divi:list --><\/p>\n<p><!-- divi:heading {\"textAlign\":\"center\"} --><\/p>\n<h2 class=\"wp-block-heading has-text-align-center\"><a href=\"https:\/\/www.grupomentora.com\/progrentis\/contactanos\/\">\u00bf Deseas conocer como nuestra metodolog\u00eda Progrentis.com desarrolla la destreza de competencia lectora en los estudiantes? Haz click ac\u00e1.<\/a><\/h2>\n<p><!-- \/divi:heading --><\/p>\n<p><!-- divi:paragraph -->\u00a0<\/p>\n<p><!-- \/divi:paragraph --><\/p>\n<p><!-- divi:heading --><\/p>\n<h2 class=\"wp-block-heading\">Referencias<\/h2>\n<p><!-- \/divi:heading --><\/p>\n<p><!-- divi:paragraph -->Bernardo, J. (2004). Estrategias de aprendizaje: para aprender m\u00e1s y mejor. Madrid, Espa\u00f1a: RIALP<br \/>Cuetos, F. (2008). Psicolog\u00eda de la lectura. Madrid, Espa\u00f1a: Wolters Kluwer Educaci\u00f3n.<br \/>Pavlidis, G.T. (1981). Sequencing, eye movements and the early objective diagnosis of dyslexia. New York: John Wiley &amp; Son.<br \/>Rigal, R. (2006). Educaci\u00f3n motriz y educaci\u00f3n psicomotriz en preescolar y primaria. Barcelona, Espa\u00f1a: INDE publicaciones.<\/p>\n<p><!-- \/divi:paragraph --><\/p>\n<p><!-- divi:paragraph -->Lac\u00e1mara, J. (2016) Relaci\u00f3n entre eficacia en los movimientos sac\u00e1dicos y proceso lector en estudiantes de curr\u00edculo espec\u00edfico en educaci\u00f3n. Editorial \u00c1rea de Innovaci\u00f3n y Desarrollo, S.L., Alicante, Espa\u00f1a.<\/p>\n<p><!-- \/divi:paragraph --><\/p>\n<p><!-- divi:paragraph -->N\u00fa\u00f1ez, P. y Santamarina M. (2014) Prerrequisitos para el proceso del aprendizaje de la lectura: conciencia fonol\u00f3gica y destrezas orales de la lengua. Lengua y Habla No. 18.<\/p>\n<p><!-- \/divi:paragraph --><\/p>\n<p><!-- divi:paragraph -->Alegr\u00eda, J. (1985). Por un enfoque psicoling\u00fc\u00edstico del aprendizaje de la lectura y sus dificultades. Infancia y Aprendizaje: Journal for the Study of Education and Development 29.<\/p>\n<p><!-- \/divi:paragraph --><\/p>\n<p><!-- divi:paragraph -->Ausubel, D. (1990). Psicolog\u00eda educativa: un punto de vista cognoscitivo. M\u00e9xico: Trillas.<br \/>Barton, D. (2004). Algunas cosas que saben los ni\u00f1os de lectura y escritura antes del inicio de la Ense\u00f1anza Primaria.<\/p>\n<p><!-- \/divi:paragraph --><\/p>\n<p><!-- divi:paragraph -->En Isidoro Gonz\u00e1lez Gallego (ed.). Investigaciones sobre el inicio de la lectoescritura en edades tempranas. Madrid: Ministerio de Educaci\u00f3n, Cultura y Deporte.<\/p>\n<p><!-- \/divi:paragraph --><\/p>\n<p><!-- divi:paragraph -->Cassany, D., Luna, M. y Sanz, G. (2010). Ense\u00f1ar lengua. Barcelona: Gra\u00f3.<\/p>\n<p><!-- \/divi:paragraph --><\/p>\n<p><!-- divi:paragraph -->Conde, J. y Viciana, V. (2001). Fundamentos para el desarrollo de la motricidad en edades tempranas. M\u00e1laga: Aljibe.<\/p>\n<p><!-- \/divi:paragraph --><\/p>\n<p><!-- divi:paragraph -->Darias, J. y Fuertes, Y. (2010). Algunas consideraciones sobre la lectoescritura significativa en la educaci\u00f3n b\u00e1sica. Quaderns digitals. Revista de Nuevas Tecnolog\u00edas y Sociedad 65.<\/p>\n<p><!-- \/divi:paragraph --><\/p>\n<p><!-- divi:paragraph -->De Amo, J. (2004). Literatura infantil: claves para la formaci\u00f3n de la competencia literaria. M\u00e1laga: Aljibe<br \/>Gallego, C. (2006). Los prerrequisitos lectores. Comunicaci\u00f3n presentada en el Congreso Internacional de Lectoescritura.Morelia, M\u00e9xico.<\/p>\n<p><!-- \/divi:paragraph --><\/p>\n<p><!-- divi:paragraph -->Garc\u00eda V., J. y Gonz\u00e1lez, D. (1993). Cuaderno para mejorar la comprensi\u00f3n de la lectura. Espa\u00f1a: EOS.<br \/>G\u00f3mez-Villalba, E. y N\u00fa\u00f1ez, P. (2007). La ense\u00f1anza de la lectura en el aula. Textos de did\u00e1ctica de la lengua y la literatura.<br \/>Gonz\u00e1lez-Manj\u00f3n, D. (2004). Taller de comprensi\u00f3n de la lectura I: \u00e1mbito \u00f3ptimo de aplicaci\u00f3n, 1er ciclo de la E.S.O. Espa\u00f1a: EOS<br \/>Ramos, J. (2004). Ense\u00f1ar a Leer a Los Estudiantes con Discapacidad Intelectual: Una Reflexi\u00f3n Sobre la Pr\u00e1ctica. Revista Iberoamericana de Educaci\u00f3n 34.<br \/>Ram\u00edrez, E. (2009). \u00bfQu\u00e9 es leer? \u00bfQu\u00e9 es la lectura? Investigaci\u00f3n bibliotecol\u00f3gica.<br \/>Rienda, J. (2012). Animaci\u00f3n a la lectura, lectura motivada y multiculturalidad: una problem\u00e1tica conceptual. En Berm\u00fadez, M. y N\u00fa\u00f1ez,P. (eds.). Canon y educaci\u00f3n literaria. Barcelona, Espa\u00f1a: Octaedro.<br \/>Schneuwly, B. (2009). \u00bfQu\u00e9 es escribir? Herramientas y aprendizaje de la escritura. Leer.es.<br \/>Sell\u00e9s, P. (2006). Estado actual de la evaluaci\u00f3n de los predictores y de las habilidades relacionadas con el desarrollo inicial de la lectura.Aula Abierta 88. de 2017.<br \/>Serrano, F., Defior, S. y Jim\u00e9nez, G. (2005). Evoluci\u00f3n de la relaci\u00f3n entre conciencia fonol\u00f3gica y lenguaje escrito en ni\u00f1os espa\u00f1oles deprimer curso de Educaci\u00f3n primaria. Actas del II Congreso Hispano Portugu\u00e9s de Psicolog\u00eda. Lisboa, Portugal.<br \/>Teberosky, A. (1992). Aprendiendo a escribir. Barcelona, Espa\u00f1a: Horsori.<br \/>Vigotsky, Lev. 2010 [1934]. Pensamiento y lenguaje. Barcelona, Espa\u00f1a: Paid\u00f3s.<\/p>\n<p><!-- \/divi:paragraph --><\/p>\n<p>[\/et_pb_text][\/et_pb_column][\/et_pb_row][\/et_pb_section]<\/p>\n","protected":false},"excerpt":{"rendered":"<p>M\u00c9TODOS DE ENSE\u00d1ANZA Y CONSIDERACIONES PREVIAS Un m\u00e9todo es la forma de hacer algo en orden, es decir, a trav\u00e9s del m\u00e9todo podemos detallar qu\u00e9 pasos vamos a seguir en el proceso de ense\u00f1anza y aprendizaje, en este caso, de la lectura y la escritura. El inicio de dichos aprendizajes presenta numerosas controversias y debates, [&hellip;]<\/p>\n","protected":false},"author":7,"featured_media":987496052,"comment_status":"open","ping_status":"open","sticky":false,"template":"","format":"standard","meta":{"_et_pb_use_builder":"on","_et_pb_old_content":"<!-- wp:heading -->\n<h2 class=\"wp-block-heading\">M\u00c9TODOS DE ENSE\u00d1ANZA Y CONSIDERACIONES PREVIAS<\/h2>\n<!-- \/wp:heading -->\n\n<!-- wp:paragraph -->\n<p>Un m\u00e9todo es la forma de hacer algo en orden, es decir, a trav\u00e9s del m\u00e9todo podemos detallar qu\u00e9 pasos vamos a seguir en el proceso de ense\u00f1anza y aprendizaje, en este caso, de la lectura y la escritura.<\/p>\n<!-- \/wp:paragraph -->\n\n<!-- wp:paragraph -->\n<p>El inicio de dichos aprendizajes presenta numerosas controversias y debates, de hecho, podemos constatar que hoy en d\u00eda no existe un consenso en cuanto a la ense\u00f1anza de los mismos, la pol\u00e9mica aparece entre los m\u00e9todos anal\u00edticos y sint\u00e9ticos, aunque en la actualidad una gran parte de investigaciones al respecto defienden un enfoque equilibrado.<\/p>\n<!-- \/wp:paragraph -->\n\n<!-- wp:paragraph -->\n<p>A principios del siglo XXI, la literatura sobre el tema comenz\u00f3 a emplear un nuevo tipo de nomenclatura, de esta forma aparecieron los m\u00e9todos ascendentes, bottom up, en t\u00e9rminos ingleses, y los m\u00e9todos descendentes o top down.<\/p>\n<!-- \/wp:paragraph -->\n\n<!-- wp:paragraph -->\n<p>Los m\u00e9todos ascendentes, los bottom up, se centran en las unidades elementales, de ellas vamos ascendiendo a unidades m\u00e1s complejas. Las letras, los fonemas y las s\u00edlabas se combinan para configurar esas otras unidades m\u00e1s complejas que son las palabras, las frases y los textos. Dependiendo de la unidad de partida, nos encontramos con m\u00e9todos alfab\u00e9ticos en los que la unidad inicial es a la graf\u00eda, el nombre de la letra, fon\u00e9ticos centrados en el fonema, y sil\u00e1bicos, en la s\u00edlaba. Las  actividades propias del m\u00e9todo ascendente son la discriminaci\u00f3n de graf\u00edas,  la fragmentaci\u00f3n de palabras, la asociaci\u00f3n de<br>s\u00edlabas en dibujo y la asociaci\u00f3n de gestos con el fonema. <\/p>\n<!-- \/wp:paragraph -->\n\n<!-- wp:paragraph -->\n<p>Estrechamente relacionados con los m\u00e9todos impl\u00edcitos encontramos aquellos que se subscriben a la perspectiva  constructivista, la cual persigue unificar en un mismo proceso las relaciones existentes entre alumnado, contenido y docente.<\/p>\n<!-- \/wp:paragraph -->\n\n<!-- wp:paragraph -->\n<p>El aprendizaje de la lectura y la escritura a trav\u00e9s del m\u00e9todo constructivista conlleva entender ambos procesos de forma interactiva, donde se considera el papel activo del alumnado con capacidad de reflexionar y buscar el significado de las ideas y del pensamiento.<\/p>\n<!-- \/wp:paragraph -->\n\n<!-- wp:paragraph -->\n<p>Desde esta perspectiva, sostiene De Amo (2004), \u201cla lectura se considera como un proceso mediante el cual el lector (re)construye el significado del texto; la escritura, por su parte, es un proceso complejo mediante el cual, el escritor elabora un significado global y preciso y lo dirige a unos destinatarios\u201d.<\/p>\n<!-- \/wp:paragraph -->\n\n<!-- wp:paragraph -->\n<p>Nuevamente el docente tendr\u00e1 un papel fundamental a la hora de iniciar el aprendizaje a trav\u00e9s de uno u otro m\u00e9todo, en cualquier caso, en la literatura podr\u00e1 disponer de un amplio abanico de actividades al respecto, dependiendo del que decida utilizar para tal fin.<\/p>\n<!-- \/wp:paragraph -->\n\n<!-- wp:paragraph -->\n<p>Se afirma que tradicionalmente se han planteado dos posturas contrapuestas sobre cu\u00e1l es el momento id\u00f3neo para comenzar la ense\u00f1anza de la lectura. Por una parte, se considera que es necesario esperar a que el ni\u00f1o madure, y por otra, se anima a que el contacto con la lectura ocurra lo m\u00e1s tempranamente posible. Ambas posturas, aunque contrapuestas, pueden llegar a encontrarse, dado que el peligro est\u00e1 tanto en retrasar el inicio como en forzar el aprendizaje.<\/p>\n<!-- \/wp:paragraph -->\n\n<!-- wp:image {\"id\":987496054,\"sizeSlug\":\"large\",\"linkDestination\":\"none\"} -->\n<figure class=\"wp-block-image size-large\"><img src=\"https:\/\/www.grupomentora.com\/progrentis\/wp-content\/uploads\/2022\/10\/postcl1-1024x680.jpg\" alt=\"\" class=\"wp-image-987496054\"\/><\/figure>\n<!-- \/wp:image -->\n\n<!-- wp:heading -->\n<h2 class=\"wp-block-heading\">Proceso Lector<\/h2>\n<!-- \/wp:heading -->\n\n<!-- wp:paragraph -->\n<p>Leer no es s\u00f3lo reconocer las palabras impresas, sino tambi\u00e9n obtener un significado o comprender el sentido del texto impreso. El proceso de lectura comienza por la percepci\u00f3n de un conjunto de letras, la decodificaci\u00f3n de grafemas en fonemas y la comprensi\u00f3n del significado de las palabras.<\/p>\n<!-- \/wp:paragraph -->\n\n<!-- wp:paragraph -->\n<p>Una vez esta fase se haya automatizado, el lector podr\u00e1 dedicar m\u00e1s recursos a la comprensi\u00f3n del texto y no a la decodificaci\u00f3n, realizando as\u00ed una lectura m\u00e1s comprensiva.<\/p>\n<!-- \/wp:paragraph -->\n\n<!-- wp:paragraph -->\n<p>El aprendizaje de la lectura, dada su importancia y complejidad ha sido objeto de estudio por multitude de investigadores y profesionales educativos (psic\u00f3logos, pedagogos, etc.), ya que resulta fundamental en el desarrollo evolutivo del ni\u00f1o, le permitir\u00e1 relacionarse con el medio y ser\u00e1 la base para el aprendizaje de otras materias.<\/p>\n<!-- \/wp:paragraph -->\n\n<!-- wp:heading -->\n<h2 class=\"wp-block-heading\">Procesos cognitivos implicados en la lectura<\/h2>\n<!-- \/wp:heading -->\n\n<!-- wp:paragraph -->\n<p>Existen cuatro procesos que intervienen en la lectura: procesos perceptivos visuales, l\u00e9xicos, sint\u00e1cticos y sem\u00e1nticos. Todo proceso perceptive consiste en extraer la informaci\u00f3n relevante que pone de manifiesto y define las caracter\u00edsticas espec\u00edficas de un objeto. En la lectura la motricidad ocular es imprescindible para localizer el texto e identificar la forma de las s\u00edlabas y palabras, as\u00ed como para realizar una lectura fluida y comprensiva.<br><\/p>\n<!-- \/wp:paragraph -->\n\n<!-- wp:paragraph -->\n<p>Esta v\u00eda proporciona una mayor velocidad y comprensi\u00f3n lectora, pero genera dificultades con la lectura de palabras desconocidas. La v\u00eda indirecta o fonol\u00f3gica, por su parte, aprovecha las propiedades ac\u00fasticas y require un proceso adicional de conversi\u00f3n de las letras en sonidos, de ah\u00ed que se denomine ruta indirecta.<br><\/p>\n<!-- \/wp:paragraph -->\n\n<!-- wp:paragraph -->\n<p>Los procesos sem\u00e1nticos o de representaci\u00f3n y acceso al almac\u00e9n de las palabras consisten en identificar el significado de ese conjunto de letras agrupado. Existen dos hip\u00f3tesis o rutas de acceso a la palabra: la v\u00eda directa o l\u00e9xica y la indirecta o fonol\u00f3gica. La v\u00eda directa o l\u00e9xica, en la cual el lector reconoce la palabra visualmente, es decir, aprovecha las propiedades gr\u00e1ficas y no necesita transformaci\u00f3n adicional. Es necesaria una experiencia previa y estar familiarizado con la palabra en s\u00ed.<\/p>\n<!-- \/wp:paragraph -->\n\n<!-- wp:paragraph -->\n<p>La utilizaci\u00f3n de esta ruta permite la lectura de pseudopalabras o palabras desconocidas pero la velocidad lectora es menor, ya que el lector debe utilizar la conversi\u00f3n de cada grafema en su fonema, esto es transformar los est\u00edmulos visuales en sonidos, lo cual conlleva tiempo y esfuerzo.<br>Los lectores experimentados y eficaces en el proceso lector combinan ambas rutas, utilizando la v\u00eda directa para la lectura de palabras conocidas, aumentando la velocidad y comprensi\u00f3n lectora y la v\u00eda indirecta para la lectura de palabras esconocidas que podamos encontrar en un texto.<\/p>\n<!-- \/wp:paragraph -->\n\n<!-- wp:paragraph -->\n<p>Los procesos sint\u00e1cticos, por su parte, son el conjunto de reglas que sirven para clarificar y segmentar la oraci\u00f3n. <\/p>\n<!-- \/wp:paragraph -->\n\n<!-- wp:image {\"id\":987496053,\"sizeSlug\":\"large\",\"linkDestination\":\"none\"} -->\n<figure class=\"wp-block-image size-large\"><img src=\"https:\/\/www.grupomentora.com\/progrentis\/wp-content\/uploads\/2022\/10\/postcl2-1024x683.jpg\" alt=\"\" class=\"wp-image-987496053\"\/><\/figure>\n<!-- \/wp:image -->\n\n<!-- wp:heading -->\n<h2 class=\"wp-block-heading\">Velocidad y Comprensi\u00f3n Lectora<\/h2>\n<!-- \/wp:heading -->\n\n<!-- wp:paragraph -->\n<p>La velocidad lectora es inversamente proporcional al n\u00famero de fijaciones. Si la amplitud perceptiva es baja, el n\u00famero de fijaciones necesarias ser\u00e1 mayor y por tanto se emplear\u00e1 m\u00e1s tiempo en la lectura, ya que el tiempo empleado en cada fijaci\u00f3n es el mismo para todas las personas.<\/p>\n<!-- \/wp:paragraph -->\n\n<!-- wp:paragraph -->\n<p>De este modo los lectores r\u00e1pidos hacen menos fijaciones y menos saltos sac\u00e1dicos que los lentos. Teniendo en cuenta esto, lo ideal ser\u00e1 que se entrene la amplitud receptiva o rango de reconocimiento para que en una misma fijaci\u00f3n seamos capaces de reconocer un mayor n\u00famero de caracteres o palabras y la lectura sea m\u00e1s fluida. A su vez, los movimientos oculares ineficaces incrementan el n\u00famero de regresiones haciendo necesario utilizar el dedo para seguir la lectura, produciendo movimientos de cabeza innecesarios, aspectos que van a influir negativamente en el proceso lector.<\/p>\n<!-- \/wp:paragraph -->\n\n<!-- wp:paragraph -->\n<p>En lo referente a la comprensi\u00f3n lectora, unos movimientos sac\u00e1dicos ineficientes se traducen en multitud de regresiones, en saltos de l\u00ednea o incluso en releer una l\u00ednea previamente le\u00edda, lo cual influye negativamente en la comprensi\u00f3n lectora. Por dichas razones, resulta importante desarrollar un programa de intervenci\u00f3n para el entrenamiento de los m\u00fasculos responsables de los movimientos oculares para favorecer una lectura r\u00e1pida, precisa y comprensiva.<\/p>\n<!-- \/wp:paragraph -->\n\n<!-- wp:paragraph -->\n<p>La comprensi\u00f3n lectora es un fen\u00f3meno interactivo e inobservable a simple vista que depender\u00e1 de la competencia y conocimientos del lector, as\u00ed como de la dificultad y caracter\u00edsticas del propio texto.<\/p>\n<!-- \/wp:paragraph -->\n\n<!-- wp:paragraph -->\n<p>Existen varias pruebas estandarizadas para la evaluaci\u00f3n de la competencia lectora, muy eficientes para medir este proceso.<\/p>\n<!-- \/wp:paragraph -->\n\n<!-- wp:heading -->\n<h2 class=\"wp-block-heading\"><a href=\"https:\/\/www.grupomentora.com\/progrentis\/educacion\/alfabetizacion-informacional\/\">Te puede interesar \"La relevancia de la Alfabetizaci\u00f3n Informacional\"<\/a><\/h2>\n<!-- \/wp:heading -->\n\n<!-- wp:image {\"id\":987496051,\"sizeSlug\":\"large\",\"linkDestination\":\"none\"} -->\n<figure class=\"wp-block-image size-large\"><img src=\"https:\/\/www.grupomentora.com\/progrentis\/wp-content\/uploads\/2022\/10\/postcl4-1024x683.jpg\" alt=\"\" class=\"wp-image-987496051\"\/><\/figure>\n<!-- \/wp:image -->\n\n<!-- wp:heading -->\n<h2 class=\"wp-block-heading\">Movimientos oculares y lectura<\/h2>\n<!-- \/wp:heading -->\n\n<!-- wp:paragraph -->\n<p>Se ha estudiado que los problemas de fijaci\u00f3n y movimientos sac\u00e1dicos ineficaces interfieren en la comprensi\u00f3n y velocidad lectora. En algunos casos, se observ\u00f3 que esto pod\u00eda deberse a retrasos madurativos de las habilidades oculomotrices necesarias para la realizaci\u00f3n de las tareas escolares. Varios autores defienden que cuanto menos sacadas se necesiten y m\u00e1s se utilice la visi\u00f3n parafoveal, m\u00e1s r\u00e1pida ser\u00e1 la lectura y la comprensi\u00f3n.<\/p>\n<!-- \/wp:paragraph -->\n\n<!-- wp:paragraph -->\n<p>Otras investigaciones afirman que individuos que manifiestan problemas de lectura tienen, en gran medida, problemas de motricidad ocular, acomodaci\u00f3n y problemas de binocularidad. De acuerdo con estos estudios, los ojos realizan tres tipos de movimientos durante la lectura: movimientos sac\u00e1dicos, pausas de fijaci\u00f3n y movimientos de regresi\u00f3n. La velocidad de lectura depender\u00e1 pues de estas tres variables, especialmente de la duraci\u00f3n de las fijaciones y del n\u00famero de regresiones.<\/p>\n<!-- \/wp:paragraph -->\n\n<!-- wp:heading -->\n<h2 class=\"wp-block-heading\">Comprensi\u00f3n de Lectura<\/h2>\n<!-- \/wp:heading -->\n\n<!-- wp:paragraph -->\n<p>El objetivo de la lectura es comprender lo que se lee, sin comprensi\u00f3n la lectura no tendr\u00eda ning\u00fan sentido. Un lector muestra comprensi\u00f3n del texto cuando le encuentra sentido y significado, cuando lo pueda relacionar con algo que le interesa o le llama la atenci\u00f3n; sin duda alguna la comprensi\u00f3n muchas veces est\u00e1 relacionada a la visi\u00f3n que cada quien tiene del mundo y en ocasiones las interpretaciones no son ni \u00fanicas ni objetivas.<\/p>\n<!-- \/wp:paragraph -->\n\n<!-- wp:paragraph -->\n<p>La lectura consiste en un trabajo activo en el que el lector construye el significado del texto a partir de su intenci\u00f3n de lectura y de todo lo que sabe del mundo, adem\u00e1s de todos los conocimientos que lleva hacia el texto desde antes de empezar a leer y de los que pone en el texto mientras lee (M.C.B.A., 1995).<\/p>\n<!-- \/wp:paragraph -->\n\n<!-- wp:paragraph -->\n<p>El lector otorgar\u00e1 significado a una lectura coordinando informaciones que provienen de distintas fuentes: el texto, su contexto y los conocimientos previos que \u00e9l posee. Para cumplir este objetivo con \u00e9xito, el lector deber\u00e1 emplear una serie de habilidades o estrategias que lo ayuden a construir sus conocimientos, aplic\u00e1ndolos en situaciones diversas y en contextos diferentes.<\/p>\n<!-- \/wp:paragraph -->\n\n<!-- wp:paragraph -->\n<p>Las habilidades que adquirir\u00e1n tender\u00e1n al desarrollo de operaciones como el reconocimiento y jerarquizaci\u00f3n de ideas, la elaboraci\u00f3n de res\u00famenes, el an\u00e1lisis de la informaci\u00f3n del texto y la relaci\u00f3n y cotejo con sus conocimientos previos, la formulaci\u00f3n de hip\u00f3tesis, la emisi\u00f3n de opiniones, la relaci\u00f3n texto e imagen. Todas estas habilidades estar\u00e1n ligadas con los niveles de comprensi\u00f3n lectora.<\/p>\n<!-- \/wp:paragraph -->\n\n<!-- wp:paragraph -->\n<p>Seg\u00fan la OCDE (2018) \u201cLa comprensi\u00f3n lectora se define como la habilidad para entender, evaluar, utilizar e implicarse con textos escritos, participar en la sociedad, alcanzar las metas propuestas y desarrollar el mayor conocimiento y potencial posibles.\u201d<\/p>\n<!-- \/wp:paragraph -->\n\n<!-- wp:paragraph -->\n<p>Encontramos primordialmente tres niveles de comprensi\u00f3n lectora que el estudiante debe ir desarrollando en su proceso de aprendizaje: comprensi\u00f3n literal, comprensi\u00f3n inferencial y comprensi\u00f3n cr\u00edtica, algunos a\u00f1aden dos adicionales que son la comprensi\u00f3n apreciativa y la comprensi\u00f3n creadora.<\/p>\n<!-- \/wp:paragraph -->\n\n<!-- wp:paragraph -->\n<p>La comprensi\u00f3n literal como su nombre lo indica recupera la informaci\u00f3n expl\u00edcitamente planteada en el texto y se la reorganiza mediante clasificaciones, res\u00famenes y s\u00edntesis. La comprensi\u00f3n inferencial utiliza los datos descritos en el texto, m\u00e1s las experiencias y conocimientos previos y la intuici\u00f3n para realizar conjeturas o hip\u00f3tesis.<\/p>\n<!-- \/wp:paragraph -->\n\n<!-- wp:paragraph -->\n<p>La comprensi\u00f3n cr\u00edtica por su parte permita al estudiante emitir un juicio de valor sobre el texto que est\u00e1 leyendo o investigando. Cada uno de estos niveles de comprensi\u00f3n requiere estrategias did\u00e1cticas distintas pero asociadas y secuenciadas.<\/p>\n<!-- \/wp:paragraph -->\n\n<!-- wp:image {\"id\":987496055,\"sizeSlug\":\"large\",\"linkDestination\":\"none\"} -->\n<figure class=\"wp-block-image size-large\" id=\"Comprensi\u00f3n-Lectora\"><img src=\"https:\/\/www.grupomentora.com\/progrentis\/wp-content\/uploads\/2022\/10\/postcl5-1024x683.jpg\" alt=\"Comprensi\u00f3n de Lectura\" class=\"wp-image-987496055\"\/><\/figure>\n<!-- \/wp:image -->\n\n<!-- wp:heading -->\n<h2 class=\"wp-block-heading\">Consejos para mejorar la comprensi\u00f3n de lectura<\/h2>\n<!-- \/wp:heading -->\n\n<!-- wp:paragraph -->\n<p>Consejos para mejorar la Comprensi\u00f3n de Lectura en los Estudiantes<\/p>\n<!-- \/wp:paragraph -->\n\n<!-- wp:list {\"ordered\":true} -->\n<ol><!-- wp:list-item -->\n<li>Marcar la lectura de los textos en proyectos que le den un mayor sentido y significado.<\/li>\n<!-- \/wp:list-item -->\n\n<!-- wp:list-item -->\n<li>Garantizar que en el aula se disponga de la mayor cantidad y variedad de textos de tipos variados.<\/li>\n<!-- \/wp:list-item -->\n\n<!-- wp:list-item -->\n<li>Permitir que los estudiantes seleccionen los textos de acuerdo a sus necesidades, gustos y pasiones y<br>a la vez, favoreciendo que los estudiantes activen y desarrollen sus conocimientos previos.<\/li>\n<!-- \/wp:list-item -->\n\n<!-- wp:list-item -->\n<li>Leer en voz alta para los estudiantes; pero priorizando la lectura silenciosa.<\/li>\n<!-- \/wp:list-item -->\n\n<!-- wp:list-item -->\n<li>Proponer la lectura en voz alta de alg\u00fan p\u00e1rrafo significativo que sea necesario discutir o que pueda<br>ser usado para intercambiar opiniones.<\/li>\n<!-- \/wp:list-item -->\n\n<!-- wp:list-item -->\n<li>Permitir que el estudiante busque por s\u00ed solo la informaci\u00f3n, jerarquice ideas y se oriente dentro de<br>un texto.<\/li>\n<!-- \/wp:list-item -->\n\n<!-- wp:list-item -->\n<li>Activar los conocimientos previos del estudiante acerca del contenido y la forma del texto.<\/li>\n<!-- \/wp:list-item -->\n\n<!-- wp:list-item -->\n<li>Elaborar hip\u00f3tesis sobre el contenido del texto (anticipaci\u00f3n) y acerca del formato textual.<\/li>\n<!-- \/wp:list-item -->\n\n<!-- wp:list-item -->\n<li>Relacionar la informaci\u00f3n del texto con sus propias vivencias, experiencias, gustos, conocimientos, y<br>con otros textos.<\/li>\n<!-- \/wp:list-item -->\n\n<!-- wp:list-item -->\n<li>Crear foros de discusi\u00f3n acerca de lo le\u00eddo e investigado en clase.<\/li>\n<!-- \/wp:list-item -->\n\n<!-- wp:list-item -->\n<li>Ayudar al estudiante a identificar el concepto principal que se puede extraer del texto, e identificar<br>la idea primaria y sub ideas o temas presentes en el mismo.<\/li>\n<!-- \/wp:list-item -->\n\n<!-- wp:list-item -->\n<li>Reorganizar la informaci\u00f3n en funci\u00f3n de su prop\u00f3sito, hacer asociaciones y trabajar con textos se-<br>cuenciados de manera l\u00f3gica.<\/li>\n<!-- \/wp:list-item -->\n\n<!-- wp:list-item -->\n<li>Propiciar momentos donde los estudiantes puedan opinar sobre lo le\u00eddo a trav\u00e9s de la escritura, o a<br>trav\u00e9s de t\u00e9cnicas de pensamiento visual.<\/li>\n<!-- \/wp:list-item -->\n\n<!-- wp:list-item -->\n<li>Promover la metacognici\u00f3n.<\/li>\n<!-- \/wp:list-item -->\n\n<!-- wp:list-item -->\n<li>Hacer preguntas que fomenten y desarrollen el pensamiento inferencial, cr\u00edtico, anal\u00edtico y evaluati-<br>vo de manera sistem\u00e1tica y sostenida.<\/li>\n<!-- \/wp:list-item --><\/ol>\n<!-- \/wp:list -->\n\n<!-- wp:heading {\"textAlign\":\"center\"} -->\n<h2 class=\"wp-block-heading has-text-align-center\"><a href=\"https:\/\/www.grupomentora.com\/progrentis\/contactanos\/\">\u00bf Deseas conocer como nuestra metodolog\u00eda Progrentis.com desarrolla la destreza de competencia lectora en los estudiantes? Haz click ac\u00e1.<\/a><\/h2>\n<!-- \/wp:heading -->\n\n<!-- wp:paragraph -->\n<p><\/p>\n<!-- \/wp:paragraph -->\n\n<!-- wp:heading -->\n<h2 class=\"wp-block-heading\">Referencias<\/h2>\n<!-- \/wp:heading -->\n\n<!-- wp:paragraph -->\n<p>Bernardo, J. (2004). Estrategias de aprendizaje: para aprender m\u00e1s y mejor. Madrid, Espa\u00f1a: RIALP<br>Cuetos, F. (2008). Psicolog\u00eda de la lectura. Madrid, Espa\u00f1a: Wolters Kluwer Educaci\u00f3n.<br>Pavlidis, G.T. (1981). Sequencing, eye movements and the early objective diagnosis of dyslexia. New York: John Wiley &amp; Son.<br>Rigal, R. (2006). Educaci\u00f3n motriz y educaci\u00f3n psicomotriz en preescolar y primaria. Barcelona, Espa\u00f1a: INDE publicaciones.<\/p>\n<!-- \/wp:paragraph -->\n\n<!-- wp:paragraph -->\n<p>Lac\u00e1mara, J. (2016) Relaci\u00f3n entre eficacia en los movimientos sac\u00e1dicos y proceso lector en estudiantes de curr\u00edculo espec\u00edfico en educaci\u00f3n. Editorial \u00c1rea de Innovaci\u00f3n y Desarrollo, S.L., Alicante, Espa\u00f1a.<\/p>\n<!-- \/wp:paragraph -->\n\n<!-- wp:paragraph -->\n<p>N\u00fa\u00f1ez, P. y Santamarina M. (2014) Prerrequisitos para el proceso del aprendizaje de la lectura: conciencia fonol\u00f3gica y destrezas orales de la lengua. Lengua y Habla No. 18.<\/p>\n<!-- \/wp:paragraph -->\n\n<!-- wp:paragraph -->\n<p>Alegr\u00eda, J. (1985). Por un enfoque psicoling\u00fc\u00edstico del aprendizaje de la lectura y sus dificultades. Infancia y Aprendizaje: Journal for the Study of Education and Development 29.<\/p>\n<!-- \/wp:paragraph -->\n\n<!-- wp:paragraph -->\n<p>Ausubel, D. (1990). Psicolog\u00eda educativa: un punto de vista cognoscitivo. M\u00e9xico: Trillas.<br>Barton, D. (2004). Algunas cosas que saben los ni\u00f1os de lectura y escritura antes del inicio de la Ense\u00f1anza Primaria.<\/p>\n<!-- \/wp:paragraph -->\n\n<!-- wp:paragraph -->\n<p>En Isidoro Gonz\u00e1lez Gallego (ed.). Investigaciones sobre el inicio de la lectoescritura en edades tempranas. Madrid: Ministerio de Educaci\u00f3n, Cultura y Deporte.<\/p>\n<!-- \/wp:paragraph -->\n\n<!-- wp:paragraph -->\n<p>Cassany, D., Luna, M. y Sanz, G. (2010). Ense\u00f1ar lengua. Barcelona: Gra\u00f3.<\/p>\n<!-- \/wp:paragraph -->\n\n<!-- wp:paragraph -->\n<p>Conde, J. y Viciana, V. (2001). Fundamentos para el desarrollo de la motricidad en edades tempranas. M\u00e1laga: Aljibe.<\/p>\n<!-- \/wp:paragraph -->\n\n<!-- wp:paragraph -->\n<p>Darias, J. y Fuertes, Y. (2010). Algunas consideraciones sobre la lectoescritura significativa en la educaci\u00f3n b\u00e1sica. Quaderns digitals. Revista de Nuevas Tecnolog\u00edas y Sociedad 65.<\/p>\n<!-- \/wp:paragraph -->\n\n<!-- wp:paragraph -->\n<p>De Amo, J. (2004). Literatura infantil: claves para la formaci\u00f3n de la competencia literaria. M\u00e1laga: Aljibe<br>Gallego, C. (2006). Los prerrequisitos lectores. Comunicaci\u00f3n presentada en el Congreso Internacional de Lectoescritura.Morelia, M\u00e9xico.<\/p>\n<!-- \/wp:paragraph -->\n\n<!-- wp:paragraph -->\n<p>Garc\u00eda V., J. y Gonz\u00e1lez, D. (1993). Cuaderno para mejorar la comprensi\u00f3n de la lectura. Espa\u00f1a: EOS.<br>G\u00f3mez-Villalba, E. y N\u00fa\u00f1ez, P. (2007). La ense\u00f1anza de la lectura en el aula. Textos de did\u00e1ctica de la lengua y la literatura.<br>Gonz\u00e1lez-Manj\u00f3n, D. (2004). Taller de comprensi\u00f3n de la lectura I: \u00e1mbito \u00f3ptimo de aplicaci\u00f3n, 1er ciclo de la E.S.O. Espa\u00f1a: EOS<br>Ramos, J. (2004). Ense\u00f1ar a Leer a Los Estudiantes con Discapacidad Intelectual: Una Reflexi\u00f3n Sobre la Pr\u00e1ctica. Revista Iberoamericana de Educaci\u00f3n 34.<br>Ram\u00edrez, E. (2009). \u00bfQu\u00e9 es leer? \u00bfQu\u00e9 es la lectura? Investigaci\u00f3n bibliotecol\u00f3gica.<br>Rienda, J. (2012). Animaci\u00f3n a la lectura, lectura motivada y multiculturalidad: una problem\u00e1tica conceptual. En Berm\u00fadez, M. y N\u00fa\u00f1ez,P. (eds.). Canon y educaci\u00f3n literaria. Barcelona, Espa\u00f1a: Octaedro.<br>Schneuwly, B. (2009). \u00bfQu\u00e9 es escribir? Herramientas y aprendizaje de la escritura. Leer.es.<br>Sell\u00e9s, P. (2006). Estado actual de la evaluaci\u00f3n de los predictores y de las habilidades relacionadas con el desarrollo inicial de la lectura.Aula Abierta 88. de 2017.<br>Serrano, F., Defior, S. y Jim\u00e9nez, G. (2005). Evoluci\u00f3n de la relaci\u00f3n entre conciencia fonol\u00f3gica y lenguaje escrito en ni\u00f1os espa\u00f1oles deprimer curso de Educaci\u00f3n primaria. Actas del II Congreso Hispano Portugu\u00e9s de Psicolog\u00eda. Lisboa, Portugal.<br>Teberosky, A. (1992). Aprendiendo a escribir. Barcelona, Espa\u00f1a: Horsori.<br>Vigotsky, Lev. 2010 [1934]. Pensamiento y lenguaje. Barcelona, Espa\u00f1a: Paid\u00f3s.<\/p>\n<!-- \/wp:paragraph -->","_et_gb_content_width":"","jetpack_post_was_ever_published":false,"_jetpack_newsletter_access":"","_jetpack_dont_email_post_to_subs":false,"_jetpack_newsletter_tier_id":0,"_jetpack_memberships_contains_paywalled_content":false,"_jetpack_memberships_contains_paid_content":false,"footnotes":"","jetpack_publicize_message":"","jetpack_publicize_feature_enabled":true,"jetpack_social_post_already_shared":false,"jetpack_social_options":{"image_generator_settings":{"template":"highway","default_image_id":0,"font":"","enabled":false},"version":2}},"categories":[13],"tags":[17,18],"class_list":["post-987496050","post","type-post","status-publish","format-standard","has-post-thumbnail","hentry","category-educacion","tag-comprension-lectora","tag-destrezas-de-comprension"],"yoast_head":"<!-- This site is optimized with the Yoast SEO plugin v27.5 - https:\/\/yoast.com\/product\/yoast-seo-wordpress\/ -->\n<title>Comprensi\u00f3n Lectora - Mentora Progrentis<\/title>\n<meta name=\"description\" content=\"Comprensi\u00f3n Lectora. Desarrollo de Destrezas de Comprensi\u00f3n. Progrentis metodolog\u00eda de desarrollo de destrezas. Grupo Mentora Progrentis,\" \/>\n<meta name=\"robots\" content=\"index, follow, max-snippet:-1, max-image-preview:large, max-video-preview:-1\" \/>\n<link rel=\"canonical\" href=\"https:\/\/www.grupomentora.com\/progrentis\/educacion\/comprension-de-lectura\/\" \/>\n<meta property=\"og:locale\" content=\"es_ES\" \/>\n<meta property=\"og:type\" content=\"article\" \/>\n<meta property=\"og:title\" content=\"Comprensi\u00f3n Lectora - Mentora Progrentis\" \/>\n<meta property=\"og:description\" content=\"Comprensi\u00f3n Lectora. Desarrollo de Destrezas de Comprensi\u00f3n. Progrentis metodolog\u00eda de desarrollo de destrezas. Grupo Mentora Progrentis,\" \/>\n<meta property=\"og:url\" content=\"https:\/\/www.grupomentora.com\/progrentis\/educacion\/comprension-de-lectura\/\" \/>\n<meta property=\"og:site_name\" content=\"Mentora Progrentis\" \/>\n<meta property=\"article:publisher\" content=\"https:\/\/www.facebook.com\/grupomentora\" \/>\n<meta property=\"article:published_time\" content=\"2022-10-31T19:12:47+00:00\" \/>\n<meta property=\"article:modified_time\" content=\"2023-06-27T17:42:33+00:00\" \/>\n<meta property=\"og:image\" content=\"https:\/\/www.grupomentora.com\/progrentis\/wp-content\/uploads\/2022\/10\/postcl3.jpg\" \/>\n\t<meta property=\"og:image:width\" content=\"1200\" \/>\n\t<meta property=\"og:image:height\" content=\"777\" \/>\n\t<meta property=\"og:image:type\" content=\"image\/jpeg\" \/>\n<meta name=\"author\" content=\"Grupo Mentora\" \/>\n<meta name=\"twitter:card\" content=\"summary_large_image\" \/>\n<meta name=\"twitter:creator\" content=\"@grupomentora\" \/>\n<meta name=\"twitter:site\" content=\"@grupomentora\" \/>\n<meta name=\"twitter:label1\" content=\"Escrito por\" \/>\n\t<meta name=\"twitter:data1\" content=\"Grupo Mentora\" \/>\n\t<meta name=\"twitter:label2\" content=\"Tiempo de lectura\" \/>\n\t<meta name=\"twitter:data2\" content=\"13 minutos\" \/>\n<script type=\"application\/ld+json\" class=\"yoast-schema-graph\">{\"@context\":\"https:\\\/\\\/schema.org\",\"@graph\":[{\"@type\":\"Article\",\"@id\":\"https:\\\/\\\/www.grupomentora.com\\\/progrentis\\\/educacion\\\/comprension-de-lectura\\\/#article\",\"isPartOf\":{\"@id\":\"https:\\\/\\\/www.grupomentora.com\\\/progrentis\\\/educacion\\\/comprension-de-lectura\\\/\"},\"author\":{\"name\":\"Grupo Mentora\",\"@id\":\"https:\\\/\\\/www.grupomentora.com\\\/progrentis\\\/#\\\/schema\\\/person\\\/fca29c687cdc4d0f0c29008b91be9d9d\"},\"headline\":\"Comprensi\u00f3n Lectora\",\"datePublished\":\"2022-10-31T19:12:47+00:00\",\"dateModified\":\"2023-06-27T17:42:33+00:00\",\"mainEntityOfPage\":{\"@id\":\"https:\\\/\\\/www.grupomentora.com\\\/progrentis\\\/educacion\\\/comprension-de-lectura\\\/\"},\"wordCount\":2872,\"commentCount\":0,\"image\":{\"@id\":\"https:\\\/\\\/www.grupomentora.com\\\/progrentis\\\/educacion\\\/comprension-de-lectura\\\/#primaryimage\"},\"thumbnailUrl\":\"https:\\\/\\\/www.grupomentora.com\\\/progrentis\\\/wp-content\\\/uploads\\\/2022\\\/10\\\/postcl3.jpg\",\"keywords\":[\"comprensi\u00f3n lectora\",\"destrezas de comprensi\u00f3n\"],\"articleSection\":[\"Educaci\u00f3n\"],\"inLanguage\":\"es\",\"potentialAction\":[{\"@type\":\"CommentAction\",\"name\":\"Comment\",\"target\":[\"https:\\\/\\\/www.grupomentora.com\\\/progrentis\\\/educacion\\\/comprension-de-lectura\\\/#respond\"]}]},{\"@type\":\"WebPage\",\"@id\":\"https:\\\/\\\/www.grupomentora.com\\\/progrentis\\\/educacion\\\/comprension-de-lectura\\\/\",\"url\":\"https:\\\/\\\/www.grupomentora.com\\\/progrentis\\\/educacion\\\/comprension-de-lectura\\\/\",\"name\":\"Comprensi\u00f3n Lectora - Mentora Progrentis\",\"isPartOf\":{\"@id\":\"https:\\\/\\\/www.grupomentora.com\\\/progrentis\\\/#website\"},\"primaryImageOfPage\":{\"@id\":\"https:\\\/\\\/www.grupomentora.com\\\/progrentis\\\/educacion\\\/comprension-de-lectura\\\/#primaryimage\"},\"image\":{\"@id\":\"https:\\\/\\\/www.grupomentora.com\\\/progrentis\\\/educacion\\\/comprension-de-lectura\\\/#primaryimage\"},\"thumbnailUrl\":\"https:\\\/\\\/www.grupomentora.com\\\/progrentis\\\/wp-content\\\/uploads\\\/2022\\\/10\\\/postcl3.jpg\",\"datePublished\":\"2022-10-31T19:12:47+00:00\",\"dateModified\":\"2023-06-27T17:42:33+00:00\",\"author\":{\"@id\":\"https:\\\/\\\/www.grupomentora.com\\\/progrentis\\\/#\\\/schema\\\/person\\\/fca29c687cdc4d0f0c29008b91be9d9d\"},\"description\":\"Comprensi\u00f3n Lectora. Desarrollo de Destrezas de Comprensi\u00f3n. Progrentis metodolog\u00eda de desarrollo de destrezas. Grupo Mentora Progrentis,\",\"inLanguage\":\"es\",\"potentialAction\":[{\"@type\":\"ReadAction\",\"target\":[\"https:\\\/\\\/www.grupomentora.com\\\/progrentis\\\/educacion\\\/comprension-de-lectura\\\/\"]}]},{\"@type\":\"ImageObject\",\"inLanguage\":\"es\",\"@id\":\"https:\\\/\\\/www.grupomentora.com\\\/progrentis\\\/educacion\\\/comprension-de-lectura\\\/#primaryimage\",\"url\":\"https:\\\/\\\/www.grupomentora.com\\\/progrentis\\\/wp-content\\\/uploads\\\/2022\\\/10\\\/postcl3.jpg\",\"contentUrl\":\"https:\\\/\\\/www.grupomentora.com\\\/progrentis\\\/wp-content\\\/uploads\\\/2022\\\/10\\\/postcl3.jpg\",\"width\":1200,\"height\":777,\"caption\":\"Back to school! Happy cute industrious child is sitting at a desk indoors. Kid is learning in class.\"},{\"@type\":\"WebSite\",\"@id\":\"https:\\\/\\\/www.grupomentora.com\\\/progrentis\\\/#website\",\"url\":\"https:\\\/\\\/www.grupomentora.com\\\/progrentis\\\/\",\"name\":\"Grupo Mentora Progrentis\",\"description\":\"Del conocimiento a las destrezas\",\"potentialAction\":[{\"@type\":\"SearchAction\",\"target\":{\"@type\":\"EntryPoint\",\"urlTemplate\":\"https:\\\/\\\/www.grupomentora.com\\\/progrentis\\\/?s={search_term_string}\"},\"query-input\":{\"@type\":\"PropertyValueSpecification\",\"valueRequired\":true,\"valueName\":\"search_term_string\"}}],\"inLanguage\":\"es\"},{\"@type\":\"Person\",\"@id\":\"https:\\\/\\\/www.grupomentora.com\\\/progrentis\\\/#\\\/schema\\\/person\\\/fca29c687cdc4d0f0c29008b91be9d9d\",\"name\":\"Grupo Mentora\",\"image\":{\"@type\":\"ImageObject\",\"inLanguage\":\"es\",\"@id\":\"https:\\\/\\\/secure.gravatar.com\\\/avatar\\\/b42258cb27ceb2db9558ef5303d18a02013fe58ea37613bc7c088869670e30e7?s=96&d=mm&r=g\",\"url\":\"https:\\\/\\\/secure.gravatar.com\\\/avatar\\\/b42258cb27ceb2db9558ef5303d18a02013fe58ea37613bc7c088869670e30e7?s=96&d=mm&r=g\",\"contentUrl\":\"https:\\\/\\\/secure.gravatar.com\\\/avatar\\\/b42258cb27ceb2db9558ef5303d18a02013fe58ea37613bc7c088869670e30e7?s=96&d=mm&r=g\",\"caption\":\"Grupo Mentora\"},\"sameAs\":[\"https:\\\/\\\/www.grupomentora.com\\\/\"],\"url\":\"https:\\\/\\\/www.grupomentora.com\\\/progrentis\\\/author\\\/grupomentora\\\/\"}]}<\/script>\n<!-- \/ Yoast SEO plugin. -->","yoast_head_json":{"title":"Comprensi\u00f3n Lectora - Mentora Progrentis","description":"Comprensi\u00f3n Lectora. Desarrollo de Destrezas de Comprensi\u00f3n. Progrentis metodolog\u00eda de desarrollo de destrezas. Grupo Mentora Progrentis,","robots":{"index":"index","follow":"follow","max-snippet":"max-snippet:-1","max-image-preview":"max-image-preview:large","max-video-preview":"max-video-preview:-1"},"canonical":"https:\/\/www.grupomentora.com\/progrentis\/educacion\/comprension-de-lectura\/","og_locale":"es_ES","og_type":"article","og_title":"Comprensi\u00f3n Lectora - Mentora Progrentis","og_description":"Comprensi\u00f3n Lectora. Desarrollo de Destrezas de Comprensi\u00f3n. Progrentis metodolog\u00eda de desarrollo de destrezas. Grupo Mentora Progrentis,","og_url":"https:\/\/www.grupomentora.com\/progrentis\/educacion\/comprension-de-lectura\/","og_site_name":"Mentora Progrentis","article_publisher":"https:\/\/www.facebook.com\/grupomentora","article_published_time":"2022-10-31T19:12:47+00:00","article_modified_time":"2023-06-27T17:42:33+00:00","og_image":[{"width":1200,"height":777,"url":"https:\/\/www.grupomentora.com\/progrentis\/wp-content\/uploads\/2022\/10\/postcl3.jpg","type":"image\/jpeg"}],"author":"Grupo Mentora","twitter_card":"summary_large_image","twitter_creator":"@grupomentora","twitter_site":"@grupomentora","twitter_misc":{"Escrito por":"Grupo Mentora","Tiempo de lectura":"13 minutos"},"schema":{"@context":"https:\/\/schema.org","@graph":[{"@type":"Article","@id":"https:\/\/www.grupomentora.com\/progrentis\/educacion\/comprension-de-lectura\/#article","isPartOf":{"@id":"https:\/\/www.grupomentora.com\/progrentis\/educacion\/comprension-de-lectura\/"},"author":{"name":"Grupo Mentora","@id":"https:\/\/www.grupomentora.com\/progrentis\/#\/schema\/person\/fca29c687cdc4d0f0c29008b91be9d9d"},"headline":"Comprensi\u00f3n Lectora","datePublished":"2022-10-31T19:12:47+00:00","dateModified":"2023-06-27T17:42:33+00:00","mainEntityOfPage":{"@id":"https:\/\/www.grupomentora.com\/progrentis\/educacion\/comprension-de-lectura\/"},"wordCount":2872,"commentCount":0,"image":{"@id":"https:\/\/www.grupomentora.com\/progrentis\/educacion\/comprension-de-lectura\/#primaryimage"},"thumbnailUrl":"https:\/\/www.grupomentora.com\/progrentis\/wp-content\/uploads\/2022\/10\/postcl3.jpg","keywords":["comprensi\u00f3n lectora","destrezas de comprensi\u00f3n"],"articleSection":["Educaci\u00f3n"],"inLanguage":"es","potentialAction":[{"@type":"CommentAction","name":"Comment","target":["https:\/\/www.grupomentora.com\/progrentis\/educacion\/comprension-de-lectura\/#respond"]}]},{"@type":"WebPage","@id":"https:\/\/www.grupomentora.com\/progrentis\/educacion\/comprension-de-lectura\/","url":"https:\/\/www.grupomentora.com\/progrentis\/educacion\/comprension-de-lectura\/","name":"Comprensi\u00f3n Lectora - Mentora Progrentis","isPartOf":{"@id":"https:\/\/www.grupomentora.com\/progrentis\/#website"},"primaryImageOfPage":{"@id":"https:\/\/www.grupomentora.com\/progrentis\/educacion\/comprension-de-lectura\/#primaryimage"},"image":{"@id":"https:\/\/www.grupomentora.com\/progrentis\/educacion\/comprension-de-lectura\/#primaryimage"},"thumbnailUrl":"https:\/\/www.grupomentora.com\/progrentis\/wp-content\/uploads\/2022\/10\/postcl3.jpg","datePublished":"2022-10-31T19:12:47+00:00","dateModified":"2023-06-27T17:42:33+00:00","author":{"@id":"https:\/\/www.grupomentora.com\/progrentis\/#\/schema\/person\/fca29c687cdc4d0f0c29008b91be9d9d"},"description":"Comprensi\u00f3n Lectora. Desarrollo de Destrezas de Comprensi\u00f3n. Progrentis metodolog\u00eda de desarrollo de destrezas. Grupo Mentora Progrentis,","inLanguage":"es","potentialAction":[{"@type":"ReadAction","target":["https:\/\/www.grupomentora.com\/progrentis\/educacion\/comprension-de-lectura\/"]}]},{"@type":"ImageObject","inLanguage":"es","@id":"https:\/\/www.grupomentora.com\/progrentis\/educacion\/comprension-de-lectura\/#primaryimage","url":"https:\/\/www.grupomentora.com\/progrentis\/wp-content\/uploads\/2022\/10\/postcl3.jpg","contentUrl":"https:\/\/www.grupomentora.com\/progrentis\/wp-content\/uploads\/2022\/10\/postcl3.jpg","width":1200,"height":777,"caption":"Back to school! Happy cute industrious child is sitting at a desk indoors. Kid is learning in class."},{"@type":"WebSite","@id":"https:\/\/www.grupomentora.com\/progrentis\/#website","url":"https:\/\/www.grupomentora.com\/progrentis\/","name":"Grupo Mentora Progrentis","description":"Del conocimiento a las destrezas","potentialAction":[{"@type":"SearchAction","target":{"@type":"EntryPoint","urlTemplate":"https:\/\/www.grupomentora.com\/progrentis\/?s={search_term_string}"},"query-input":{"@type":"PropertyValueSpecification","valueRequired":true,"valueName":"search_term_string"}}],"inLanguage":"es"},{"@type":"Person","@id":"https:\/\/www.grupomentora.com\/progrentis\/#\/schema\/person\/fca29c687cdc4d0f0c29008b91be9d9d","name":"Grupo Mentora","image":{"@type":"ImageObject","inLanguage":"es","@id":"https:\/\/secure.gravatar.com\/avatar\/b42258cb27ceb2db9558ef5303d18a02013fe58ea37613bc7c088869670e30e7?s=96&d=mm&r=g","url":"https:\/\/secure.gravatar.com\/avatar\/b42258cb27ceb2db9558ef5303d18a02013fe58ea37613bc7c088869670e30e7?s=96&d=mm&r=g","contentUrl":"https:\/\/secure.gravatar.com\/avatar\/b42258cb27ceb2db9558ef5303d18a02013fe58ea37613bc7c088869670e30e7?s=96&d=mm&r=g","caption":"Grupo Mentora"},"sameAs":["https:\/\/www.grupomentora.com\/"],"url":"https:\/\/www.grupomentora.com\/progrentis\/author\/grupomentora\/"}]}},"jetpack_publicize_connections":[],"jetpack_featured_media_url":"https:\/\/www.grupomentora.com\/progrentis\/wp-content\/uploads\/2022\/10\/postcl3.jpg","jetpack-related-posts":[{"id":987495583,"url":"https:\/\/www.grupomentora.com\/progrentis\/educacion\/destrezas-pensamiento\/","url_meta":{"origin":987496050,"position":0},"title":"\u00bfC\u00f3mo desarrollar habilidades de pensamiento en los estudiantes?","author":"Grupo Mentora","date":"septiembre 27, 2022","format":false,"excerpt":"","rel":"","context":"En \u00abEducaci\u00f3n\u00bb","block_context":{"text":"Educaci\u00f3n","link":"https:\/\/www.grupomentora.com\/progrentis\/category\/educacion\/"},"img":{"alt_text":"","src":"https:\/\/i0.wp.com\/www.grupomentora.com\/progrentis\/wp-content\/uploads\/2022\/09\/posthabilidadespensamiento3.jpg?resize=350%2C200&ssl=1","width":350,"height":200,"srcset":"https:\/\/i0.wp.com\/www.grupomentora.com\/progrentis\/wp-content\/uploads\/2022\/09\/posthabilidadespensamiento3.jpg?resize=350%2C200&ssl=1 1x, https:\/\/i0.wp.com\/www.grupomentora.com\/progrentis\/wp-content\/uploads\/2022\/09\/posthabilidadespensamiento3.jpg?resize=525%2C300&ssl=1 1.5x, https:\/\/i0.wp.com\/www.grupomentora.com\/progrentis\/wp-content\/uploads\/2022\/09\/posthabilidadespensamiento3.jpg?resize=700%2C400&ssl=1 2x"},"classes":[]},{"id":987495570,"url":"https:\/\/www.grupomentora.com\/progrentis\/educacion\/alfabetizacion-informacional\/","url_meta":{"origin":987496050,"position":1},"title":"Alfabetizaci\u00f3n Informacional","author":"Grupo Mentora","date":"septiembre 27, 2022","format":false,"excerpt":"","rel":"","context":"En \u00abEducaci\u00f3n\u00bb","block_context":{"text":"Educaci\u00f3n","link":"https:\/\/www.grupomentora.com\/progrentis\/category\/educacion\/"},"img":{"alt_text":"","src":"https:\/\/i0.wp.com\/www.grupomentora.com\/progrentis\/wp-content\/uploads\/2022\/09\/slide13.jpg?resize=350%2C200&ssl=1","width":350,"height":200,"srcset":"https:\/\/i0.wp.com\/www.grupomentora.com\/progrentis\/wp-content\/uploads\/2022\/09\/slide13.jpg?resize=350%2C200&ssl=1 1x, https:\/\/i0.wp.com\/www.grupomentora.com\/progrentis\/wp-content\/uploads\/2022\/09\/slide13.jpg?resize=525%2C300&ssl=1 1.5x, https:\/\/i0.wp.com\/www.grupomentora.com\/progrentis\/wp-content\/uploads\/2022\/09\/slide13.jpg?resize=700%2C400&ssl=1 2x, https:\/\/i0.wp.com\/www.grupomentora.com\/progrentis\/wp-content\/uploads\/2022\/09\/slide13.jpg?resize=1050%2C600&ssl=1 3x, https:\/\/i0.wp.com\/www.grupomentora.com\/progrentis\/wp-content\/uploads\/2022\/09\/slide13.jpg?resize=1400%2C800&ssl=1 4x"},"classes":[]}],"jetpack_sharing_enabled":true,"_links":{"self":[{"href":"https:\/\/www.grupomentora.com\/progrentis\/wp-json\/wp\/v2\/posts\/987496050","targetHints":{"allow":["GET"]}}],"collection":[{"href":"https:\/\/www.grupomentora.com\/progrentis\/wp-json\/wp\/v2\/posts"}],"about":[{"href":"https:\/\/www.grupomentora.com\/progrentis\/wp-json\/wp\/v2\/types\/post"}],"author":[{"embeddable":true,"href":"https:\/\/www.grupomentora.com\/progrentis\/wp-json\/wp\/v2\/users\/7"}],"replies":[{"embeddable":true,"href":"https:\/\/www.grupomentora.com\/progrentis\/wp-json\/wp\/v2\/comments?post=987496050"}],"version-history":[{"count":8,"href":"https:\/\/www.grupomentora.com\/progrentis\/wp-json\/wp\/v2\/posts\/987496050\/revisions"}],"predecessor-version":[{"id":987496362,"href":"https:\/\/www.grupomentora.com\/progrentis\/wp-json\/wp\/v2\/posts\/987496050\/revisions\/987496362"}],"wp:featuredmedia":[{"embeddable":true,"href":"https:\/\/www.grupomentora.com\/progrentis\/wp-json\/wp\/v2\/media\/987496052"}],"wp:attachment":[{"href":"https:\/\/www.grupomentora.com\/progrentis\/wp-json\/wp\/v2\/media?parent=987496050"}],"wp:term":[{"taxonomy":"category","embeddable":true,"href":"https:\/\/www.grupomentora.com\/progrentis\/wp-json\/wp\/v2\/categories?post=987496050"},{"taxonomy":"post_tag","embeddable":true,"href":"https:\/\/www.grupomentora.com\/progrentis\/wp-json\/wp\/v2\/tags?post=987496050"}],"curies":[{"name":"wp","href":"https:\/\/api.w.org\/{rel}","templated":true}]}}